{"id":9350,"date":"2021-09-15T17:15:21","date_gmt":"2021-09-15T15:15:21","guid":{"rendered":"https:\/\/michelcremerfoundation.eu\/?p=9350"},"modified":"2021-12-23T21:11:14","modified_gmt":"2021-12-23T20:11:14","slug":"20km-brussels-2021-09-12-en","status":"publish","type":"post","link":"https:\/\/michelcremerfoundation.eu\/index.php\/en\/2021\/09\/15\/20km-brussels-2021-09-12-en\/","title":{"rendered":"20km Brussels 2021-09-12-EN"},"content":{"rendered":"\t\t<div data-elementor-type=\"wp-post\" data-elementor-id=\"9350\" class=\"elementor elementor-9350\">\n\t\t\t\t\t\t<section class=\"elementor-section elementor-top-section elementor-element elementor-element-5fb6cf7 elementor-section-boxed elementor-section-height-default elementor-section-height-default\" data-id=\"5fb6cf7\" data-element_type=\"section\" data-e-type=\"section\">\n\t\t\t\t\t\t<div class=\"elementor-container elementor-column-gap-default\">\n\t\t\t\t\t<div class=\"elementor-column elementor-col-100 elementor-top-column elementor-element elementor-element-10eb5bd\" data-id=\"10eb5bd\" data-element_type=\"column\" data-e-type=\"column\">\n\t\t\t<div class=\"elementor-widget-wrap elementor-element-populated\">\n\t\t\t\t\t\t<div class=\"elementor-element elementor-element-3c5ff9f elementor-widget elementor-widget-heading\" data-id=\"3c5ff9f\" data-element_type=\"widget\" data-e-type=\"widget\" data-widget_type=\"heading.default\">\n\t\t\t\t<div class=\"elementor-widget-container\">\n\t\t\t\t\t<h2 class=\"elementor-heading-title elementor-size-default\">BXL TOUR 2021-08-29<\/h2>\t\t\t\t<\/div>\n\t\t\t\t<\/div>\n\t\t\t\t<section class=\"elementor-section elementor-inner-section elementor-element elementor-element-979cfbb elementor-section-boxed elementor-section-height-default elementor-section-height-default\" data-id=\"979cfbb\" data-element_type=\"section\" data-e-type=\"section\">\n\t\t\t\t\t\t<div class=\"elementor-container elementor-column-gap-default\">\n\t\t\t\t\t<div class=\"elementor-column elementor-col-50 elementor-inner-column elementor-element elementor-element-cd49269\" data-id=\"cd49269\" data-element_type=\"column\" data-e-type=\"column\">\n\t\t\t<div class=\"elementor-widget-wrap elementor-element-populated\">\n\t\t\t\t\t\t<div class=\"elementor-element elementor-element-c029e4c elementor-widget elementor-widget-image\" data-id=\"c029e4c\" data-element_type=\"widget\" data-e-type=\"widget\" data-widget_type=\"image.default\">\n\t\t\t\t<div class=\"elementor-widget-container\">\n\t\t\t\t\t\t\t\t\t\t\t\t\t\t\t<img fetchpriority=\"high\" decoding=\"async\" width=\"320\" height=\"240\" src=\"https:\/\/michelcremerfoundation.eu\/wp-content\/uploads\/2021\/12\/20km-BXL2021-09-12-Photo5.jpg\" class=\"attachment-meccarouselthumb size-meccarouselthumb wp-image-9402\" alt=\"\" srcset=\"https:\/\/michelcremerfoundation.eu\/wp-content\/uploads\/2021\/12\/20km-BXL2021-09-12-Photo5-200x150.jpg 200w, https:\/\/michelcremerfoundation.eu\/wp-content\/uploads\/2021\/12\/20km-BXL2021-09-12-Photo5-300x225.jpg 300w, https:\/\/michelcremerfoundation.eu\/wp-content\/uploads\/2021\/12\/20km-BXL2021-09-12-Photo5.jpg 320w\" sizes=\"(max-width: 320px) 100vw, 320px\" \/>\t\t\t\t\t\t\t\t\t\t\t\t\t\t\t<\/div>\n\t\t\t\t<\/div>\n\t\t\t\t\t<\/div>\n\t\t<\/div>\n\t\t\t\t<div class=\"elementor-column elementor-col-50 elementor-inner-column elementor-element elementor-element-68f7466\" data-id=\"68f7466\" data-element_type=\"column\" data-e-type=\"column\" data-settings=\"{&quot;background_background&quot;:&quot;gradient&quot;}\">\n\t\t\t<div class=\"elementor-widget-wrap elementor-element-populated\">\n\t\t\t\t\t\t<div class=\"elementor-element elementor-element-5236607 elementor-widget elementor-widget-text-editor\" data-id=\"5236607\" data-element_type=\"widget\" data-e-type=\"widget\" data-widget_type=\"text-editor.default\">\n\t\t\t\t<div class=\"elementor-widget-container\">\n\t\t\t\t\t\t\t\t\t<p><span style=\"background-color: transparent; letter-spacing: 0px; color: #ffffff;\">Many thanks to the whole team of 15 runners for a good cause at the 20km race in Brussels.<\/span><\/p><p><span style=\"color: #ffffff; background-color: transparent; letter-spacing: 0px;\">Below you will find some memories of this event &#8230; before and &#8230; after the effort.<\/span><\/p>\t\t\t\t\t\t\t\t<\/div>\n\t\t\t\t<\/div>\n\t\t\t\t\t<\/div>\n\t\t<\/div>\n\t\t\t\t\t<\/div>\n\t\t<\/section>\n\t\t\t\t\t<\/div>\n\t\t<\/div>\n\t\t\t\t\t<\/div>\n\t\t<\/section>\n\t\t\t\t<section class=\"elementor-section elementor-top-section elementor-element elementor-element-e45b68b elementor-section-full_width elementor-section-stretched elementor-section-height-default elementor-section-height-default\" data-id=\"e45b68b\" data-element_type=\"section\" data-e-type=\"section\" data-settings=\"{&quot;stretch_section&quot;:&quot;section-stretched&quot;}\">\n\t\t\t\t\t\t<div class=\"elementor-container elementor-column-gap-default\">\n\t\t\t\t\t<div class=\"elementor-column elementor-col-100 elementor-top-column elementor-element elementor-element-4411ba1\" data-id=\"4411ba1\" data-element_type=\"column\" data-e-type=\"column\">\n\t\t\t<div class=\"elementor-widget-wrap elementor-element-populated\">\n\t\t\t\t\t\t<div class=\"elementor-element elementor-element-c35086c elementor-widget-divider--view-line elementor-widget elementor-widget-divider\" data-id=\"c35086c\" data-element_type=\"widget\" data-e-type=\"widget\" data-widget_type=\"divider.default\">\n\t\t\t\t<div class=\"elementor-widget-container\">\n\t\t\t\t\t\t\t<div class=\"elementor-divider\">\n\t\t\t<span class=\"elementor-divider-separator\">\n\t\t\t\t\t\t<\/span>\n\t\t<\/div>\n\t\t\t\t\t\t<\/div>\n\t\t\t\t<\/div>\n\t\t\t\t\t<\/div>\n\t\t<\/div>\n\t\t\t\t\t<\/div>\n\t\t<\/section>\n\t\t\t\t<section class=\"elementor-section elementor-top-section elementor-element elementor-element-7a04744 elementor-section-boxed elementor-section-height-default elementor-section-height-default\" data-id=\"7a04744\" data-element_type=\"section\" data-e-type=\"section\">\n\t\t\t\t\t\t<div class=\"elementor-container elementor-column-gap-default\">\n\t\t\t\t\t<div class=\"elementor-column elementor-col-100 elementor-top-column elementor-element elementor-element-18c0533\" data-id=\"18c0533\" data-element_type=\"column\" data-e-type=\"column\">\n\t\t\t<div class=\"elementor-widget-wrap elementor-element-populated\">\n\t\t\t\t\t\t<div class=\"elementor-element elementor-element-edf6b51 elementor-widget-divider--view-line elementor-widget elementor-widget-divider\" data-id=\"edf6b51\" data-element_type=\"widget\" data-e-type=\"widget\" data-widget_type=\"divider.default\">\n\t\t\t\t<div class=\"elementor-widget-container\">\n\t\t\t\t\t\t\t<div class=\"elementor-divider\">\n\t\t\t<span class=\"elementor-divider-separator\">\n\t\t\t\t\t\t<\/span>\n\t\t<\/div>\n\t\t\t\t\t\t<\/div>\n\t\t\t\t<\/div>\n\t\t\t\t<div class=\"elementor-element elementor-element-e0535e2 elementor-widget elementor-widget-heading\" data-id=\"e0535e2\" data-element_type=\"widget\" data-e-type=\"widget\" data-widget_type=\"heading.default\">\n\t\t\t\t<div class=\"elementor-widget-container\">\n\t\t\t\t\t<h3 class=\"elementor-heading-title elementor-size-default\">20 km of Brussels -  michel cremer's team  ... before and after... the effortBEFORE AND AFTER THE RACE<\/h3>\t\t\t\t<\/div>\n\t\t\t\t<\/div>\n\t\t\t\t\t<\/div>\n\t\t<\/div>\n\t\t\t\t\t<\/div>\n\t\t<\/section>\n\t\t\t\t<section class=\"elementor-section elementor-top-section elementor-element elementor-element-89ebb4c elementor-section-full_width elementor-section-stretched elementor-section-height-default elementor-section-height-default\" data-id=\"89ebb4c\" data-element_type=\"section\" data-e-type=\"section\" data-settings=\"{&quot;stretch_section&quot;:&quot;section-stretched&quot;}\">\n\t\t\t\t\t\t<div class=\"elementor-container elementor-column-gap-default\">\n\t\t\t\t\t<div class=\"elementor-column elementor-col-100 elementor-top-column elementor-element elementor-element-4823b74\" data-id=\"4823b74\" data-element_type=\"column\" data-e-type=\"column\">\n\t\t\t<div class=\"elementor-widget-wrap elementor-element-populated\">\n\t\t\t\t\t\t<div class=\"elementor-element elementor-element-1fbad02 elementor-arrows-position-inside elementor-pagination-position-outside elementor-widget elementor-widget-image-carousel\" data-id=\"1fbad02\" data-element_type=\"widget\" data-e-type=\"widget\" data-settings=\"{&quot;navigation&quot;:&quot;both&quot;,&quot;autoplay&quot;:&quot;yes&quot;,&quot;pause_on_hover&quot;:&quot;yes&quot;,&quot;pause_on_interaction&quot;:&quot;yes&quot;,&quot;autoplay_speed&quot;:5000,&quot;infinite&quot;:&quot;yes&quot;,&quot;speed&quot;:500}\" data-widget_type=\"image-carousel.default\">\n\t\t\t\t<div class=\"elementor-widget-container\">\n\t\t\t\t\t\t\t<div class=\"elementor-image-carousel-wrapper swiper\" role=\"region\" aria-roledescription=\"carousel\" aria-label=\"Image Carousel\" dir=\"ltr\">\n\t\t\t<div class=\"elementor-image-carousel swiper-wrapper\" aria-live=\"off\">\n\t\t\t\t\t\t\t\t<div class=\"swiper-slide\" role=\"group\" aria-roledescription=\"slide\" aria-label=\"1 of 29\"><figure class=\"swiper-slide-inner\"><img decoding=\"async\" class=\"swiper-slide-image\" src=\"https:\/\/michelcremerfoundation.eu\/wp-content\/uploads\/2021\/12\/20km-BXL2021-09-12-Photo2-300x240.jpg\" alt=\"20km 2021\" \/><\/figure><\/div><div class=\"swiper-slide\" role=\"group\" aria-roledescription=\"slide\" aria-label=\"2 of 29\"><figure class=\"swiper-slide-inner\"><img decoding=\"async\" class=\"swiper-slide-image\" src=\"https:\/\/michelcremerfoundation.eu\/wp-content\/uploads\/2021\/12\/20km-BXL2021-09-12-Photo4.jpg\" alt=\"\" \/><\/figure><\/div><div class=\"swiper-slide\" role=\"group\" aria-roledescription=\"slide\" aria-label=\"3 of 29\"><figure class=\"swiper-slide-inner\"><img decoding=\"async\" class=\"swiper-slide-image\" src=\"https:\/\/michelcremerfoundation.eu\/wp-content\/uploads\/2021\/12\/20km-BXL2021-09-12-Photo6-300x240.jpg\" alt=\"20km 2021\" \/><\/figure><\/div><div class=\"swiper-slide\" role=\"group\" aria-roledescription=\"slide\" aria-label=\"4 of 29\"><figure class=\"swiper-slide-inner\"><img decoding=\"async\" class=\"swiper-slide-image\" src=\"https:\/\/michelcremerfoundation.eu\/wp-content\/uploads\/2021\/12\/20km-BXL2021-09-12-Photo23-300x400.jpg\" alt=\"20km 2021\" \/><\/figure><\/div><div class=\"swiper-slide\" role=\"group\" aria-roledescription=\"slide\" aria-label=\"5 of 29\"><figure class=\"swiper-slide-inner\"><img decoding=\"async\" class=\"swiper-slide-image\" src=\"https:\/\/michelcremerfoundation.eu\/wp-content\/uploads\/2021\/12\/20km-BXL2021-09-12-Photo22-300x400.jpg\" alt=\"20km 2021\" \/><\/figure><\/div><div class=\"swiper-slide\" role=\"group\" aria-roledescription=\"slide\" aria-label=\"6 of 29\"><figure class=\"swiper-slide-inner\"><img decoding=\"async\" class=\"swiper-slide-image\" src=\"https:\/\/michelcremerfoundation.eu\/wp-content\/uploads\/2021\/12\/20km-BXL2021-09-12-Photo18-300x400.jpg\" alt=\"20km 2021\" \/><\/figure><\/div><div class=\"swiper-slide\" role=\"group\" aria-roledescription=\"slide\" aria-label=\"7 of 29\"><figure class=\"swiper-slide-inner\"><img decoding=\"async\" class=\"swiper-slide-image\" src=\"https:\/\/michelcremerfoundation.eu\/wp-content\/uploads\/2021\/12\/20km-BXL2021-09-12-Photo19-300x400.jpg\" alt=\"20km 2021\" \/><\/figure><\/div><div class=\"swiper-slide\" role=\"group\" aria-roledescription=\"slide\" aria-label=\"8 of 29\"><figure class=\"swiper-slide-inner\"><img decoding=\"async\" class=\"swiper-slide-image\" src=\"https:\/\/michelcremerfoundation.eu\/wp-content\/uploads\/2021\/12\/20km-BXL2021-09-12-Photo17-300x400.jpg\" alt=\"20km 2021\" \/><\/figure><\/div><div class=\"swiper-slide\" role=\"group\" aria-roledescription=\"slide\" aria-label=\"9 of 29\"><figure class=\"swiper-slide-inner\"><img decoding=\"async\" class=\"swiper-slide-image\" src=\"https:\/\/michelcremerfoundation.eu\/wp-content\/uploads\/2021\/12\/20km-BXL2021-09-12-Photo20-300x400.jpg\" alt=\"20km 2021\" \/><\/figure><\/div><div class=\"swiper-slide\" role=\"group\" aria-roledescription=\"slide\" aria-label=\"10 of 29\"><figure class=\"swiper-slide-inner\"><img decoding=\"async\" class=\"swiper-slide-image\" src=\"https:\/\/michelcremerfoundation.eu\/wp-content\/uploads\/2021\/12\/2021_20km-011-Copie-300x400.jpg\" alt=\"20km 2021\" \/><\/figure><\/div><div class=\"swiper-slide\" role=\"group\" aria-roledescription=\"slide\" aria-label=\"11 of 29\"><figure class=\"swiper-slide-inner\"><img decoding=\"async\" class=\"swiper-slide-image\" src=\"https:\/\/michelcremerfoundation.eu\/wp-content\/uploads\/2021\/12\/2021_20km-012-Copie-300x400.jpg\" alt=\"20km 2021\" \/><\/figure><\/div><div class=\"swiper-slide\" role=\"group\" aria-roledescription=\"slide\" aria-label=\"12 of 29\"><figure class=\"swiper-slide-inner\"><img decoding=\"async\" class=\"swiper-slide-image\" src=\"https:\/\/michelcremerfoundation.eu\/wp-content\/uploads\/2021\/12\/2021_20km-012-300x400.jpg\" alt=\"20km 2021\" \/><\/figure><\/div><div class=\"swiper-slide\" role=\"group\" aria-roledescription=\"slide\" aria-label=\"13 of 29\"><figure class=\"swiper-slide-inner\"><img decoding=\"async\" class=\"swiper-slide-image\" src=\"https:\/\/michelcremerfoundation.eu\/wp-content\/uploads\/2021\/12\/2021_20km-014-300x400.jpg\" alt=\"20km 2021\" \/><\/figure><\/div><div class=\"swiper-slide\" role=\"group\" aria-roledescription=\"slide\" aria-label=\"14 of 29\"><figure class=\"swiper-slide-inner\"><img decoding=\"async\" class=\"swiper-slide-image\" src=\"https:\/\/michelcremerfoundation.eu\/wp-content\/uploads\/2021\/12\/2021_20km-015-300x400.jpg\" alt=\"20km 2021\" \/><\/figure><\/div><div class=\"swiper-slide\" role=\"group\" aria-roledescription=\"slide\" aria-label=\"15 of 29\"><figure class=\"swiper-slide-inner\"><img decoding=\"async\" class=\"swiper-slide-image\" src=\"https:\/\/michelcremerfoundation.eu\/wp-content\/uploads\/2021\/12\/2021_20km-016-300x400.jpg\" alt=\"20km 2021\" \/><\/figure><\/div><div class=\"swiper-slide\" role=\"group\" aria-roledescription=\"slide\" aria-label=\"16 of 29\"><figure class=\"swiper-slide-inner\"><img decoding=\"async\" class=\"swiper-slide-image\" src=\"https:\/\/michelcremerfoundation.eu\/wp-content\/uploads\/2021\/12\/2021_20km-005-Copie-300x400.jpg\" alt=\"20km 2021\" \/><\/figure><\/div><div class=\"swiper-slide\" role=\"group\" aria-roledescription=\"slide\" aria-label=\"17 of 29\"><figure class=\"swiper-slide-inner\"><img decoding=\"async\" class=\"swiper-slide-image\" src=\"https:\/\/michelcremerfoundation.eu\/wp-content\/uploads\/2021\/12\/2021_20km-005-300x400.jpg\" alt=\"20km 2021\" \/><\/figure><\/div><div class=\"swiper-slide\" role=\"group\" aria-roledescription=\"slide\" aria-label=\"18 of 29\"><figure class=\"swiper-slide-inner\"><img decoding=\"async\" class=\"swiper-slide-image\" src=\"https:\/\/michelcremerfoundation.eu\/wp-content\/uploads\/2021\/12\/2021_20km-006-Copie-300x400.jpg\" alt=\"20km 2021\" \/><\/figure><\/div><div class=\"swiper-slide\" role=\"group\" aria-roledescription=\"slide\" aria-label=\"19 of 29\"><figure class=\"swiper-slide-inner\"><img decoding=\"async\" class=\"swiper-slide-image\" src=\"https:\/\/michelcremerfoundation.eu\/wp-content\/uploads\/2021\/12\/2021_20km-007-Copie-300x400.jpg\" alt=\"20km 2021\" \/><\/figure><\/div><div class=\"swiper-slide\" role=\"group\" aria-roledescription=\"slide\" aria-label=\"20 of 29\"><figure class=\"swiper-slide-inner\"><img decoding=\"async\" class=\"swiper-slide-image\" src=\"https:\/\/michelcremerfoundation.eu\/wp-content\/uploads\/2021\/12\/20km-BXL2021-09-12-Photo9-300x240.jpg\" alt=\"20km 2021\" \/><\/figure><\/div><div class=\"swiper-slide\" role=\"group\" aria-roledescription=\"slide\" aria-label=\"21 of 29\"><figure class=\"swiper-slide-inner\"><img decoding=\"async\" class=\"swiper-slide-image\" src=\"https:\/\/michelcremerfoundation.eu\/wp-content\/uploads\/2021\/12\/20km-BXL2021-09-12-Photo10-300x240.jpg\" alt=\"20km 2021\" \/><\/figure><\/div><div class=\"swiper-slide\" role=\"group\" aria-roledescription=\"slide\" aria-label=\"22 of 29\"><figure class=\"swiper-slide-inner\"><img decoding=\"async\" class=\"swiper-slide-image\" src=\"https:\/\/michelcremerfoundation.eu\/wp-content\/uploads\/2021\/12\/20km-BXL2021-09-12-Photo11-300x240.jpg\" alt=\"20km 2021\" \/><\/figure><\/div><div class=\"swiper-slide\" role=\"group\" aria-roledescription=\"slide\" aria-label=\"23 of 29\"><figure class=\"swiper-slide-inner\"><img decoding=\"async\" class=\"swiper-slide-image\" src=\"https:\/\/michelcremerfoundation.eu\/wp-content\/uploads\/2021\/12\/20km-BXL2021-09-12-Photo12-300x240.jpg\" alt=\"20km 2021\" \/><\/figure><\/div><div class=\"swiper-slide\" role=\"group\" aria-roledescription=\"slide\" aria-label=\"24 of 29\"><figure class=\"swiper-slide-inner\"><img decoding=\"async\" class=\"swiper-slide-image\" src=\"https:\/\/michelcremerfoundation.eu\/wp-content\/uploads\/2021\/12\/20km-BXL2021-09-12-Photo13-300x240.jpg\" alt=\"20km 2021\" \/><\/figure><\/div><div class=\"swiper-slide\" role=\"group\" aria-roledescription=\"slide\" aria-label=\"25 of 29\"><figure class=\"swiper-slide-inner\"><img decoding=\"async\" class=\"swiper-slide-image\" src=\"https:\/\/michelcremerfoundation.eu\/wp-content\/uploads\/2021\/12\/20km-BXL2021-09-12-Photo14-300x240.jpg\" alt=\"20km 2021\" \/><\/figure><\/div><div class=\"swiper-slide\" role=\"group\" aria-roledescription=\"slide\" aria-label=\"26 of 29\"><figure class=\"swiper-slide-inner\"><img decoding=\"async\" class=\"swiper-slide-image\" src=\"https:\/\/michelcremerfoundation.eu\/wp-content\/uploads\/2021\/12\/20km-BXL2021-09-12-Photo15-300x240.jpg\" alt=\"20km 2021\" \/><\/figure><\/div><div class=\"swiper-slide\" role=\"group\" aria-roledescription=\"slide\" aria-label=\"27 of 29\"><figure class=\"swiper-slide-inner\"><img decoding=\"async\" class=\"swiper-slide-image\" src=\"https:\/\/michelcremerfoundation.eu\/wp-content\/uploads\/2021\/12\/20km-BXL2021-09-12-Photo16-300x240.jpg\" alt=\"20km 2021\" \/><\/figure><\/div><div class=\"swiper-slide\" role=\"group\" aria-roledescription=\"slide\" aria-label=\"28 of 29\"><figure class=\"swiper-slide-inner\"><img decoding=\"async\" class=\"swiper-slide-image\" src=\"https:\/\/michelcremerfoundation.eu\/wp-content\/uploads\/2021\/12\/20km-BXL2021-09-12-Photo7-300x240.jpg\" alt=\"20km 2021\" \/><\/figure><\/div><div class=\"swiper-slide\" role=\"group\" aria-roledescription=\"slide\" aria-label=\"29 of 29\"><figure class=\"swiper-slide-inner\"><img decoding=\"async\" class=\"swiper-slide-image\" src=\"https:\/\/michelcremerfoundation.eu\/wp-content\/uploads\/2021\/12\/20km-BXL2021-09-12-Photo8-300x240.jpg\" alt=\"20km 2021\" \/><\/figure><\/div>\t\t\t<\/div>\n\t\t\t\t\t\t\t\t\t\t\t\t<div class=\"elementor-swiper-button elementor-swiper-button-prev\" role=\"button\" tabindex=\"0\">\n\t\t\t\t\t\t<i aria-hidden=\"true\" class=\"eicon-chevron-left\"><\/i>\t\t\t\t\t<\/div>\n\t\t\t\t\t<div class=\"elementor-swiper-button elementor-swiper-button-next\" role=\"button\" tabindex=\"0\">\n\t\t\t\t\t\t<i aria-hidden=\"true\" class=\"eicon-chevron-right\"><\/i>\t\t\t\t\t<\/div>\n\t\t\t\t\n\t\t\t\t\t\t\t\t\t<div class=\"swiper-pagination\"><\/div>\n\t\t\t\t\t\t\t\t\t<\/div>\n\t\t\t\t\t\t<\/div>\n\t\t\t\t<\/div>\n\t\t\t\t\t<\/div>\n\t\t<\/div>\n\t\t\t\t\t<\/div>\n\t\t<\/section>\n\t\t\t\t<section class=\"elementor-section elementor-top-section elementor-element elementor-element-d789d63 elementor-section-full_width elementor-section-stretched elementor-section-height-default elementor-section-height-default\" data-id=\"d789d63\" data-element_type=\"section\" data-e-type=\"section\" data-settings=\"{&quot;stretch_section&quot;:&quot;section-stretched&quot;}\">\n\t\t\t\t\t\t<div class=\"elementor-container elementor-column-gap-default\">\n\t\t\t\t\t<div class=\"elementor-column elementor-col-100 elementor-top-column elementor-element elementor-element-ce2434f\" data-id=\"ce2434f\" data-element_type=\"column\" data-e-type=\"column\">\n\t\t\t<div class=\"elementor-widget-wrap elementor-element-populated\">\n\t\t\t\t\t\t<div class=\"elementor-element elementor-element-7e02bac elementor-widget-divider--view-line elementor-widget elementor-widget-divider\" data-id=\"7e02bac\" data-element_type=\"widget\" data-e-type=\"widget\" data-widget_type=\"divider.default\">\n\t\t\t\t<div class=\"elementor-widget-container\">\n\t\t\t\t\t\t\t<div class=\"elementor-divider\">\n\t\t\t<span class=\"elementor-divider-separator\">\n\t\t\t\t\t\t<\/span>\n\t\t<\/div>\n\t\t\t\t\t\t<\/div>\n\t\t\t\t<\/div>\n\t\t\t\t<div class=\"elementor-element elementor-element-fe2e889 elementor-align-justify elementor-widget elementor-widget-button\" data-id=\"fe2e889\" data-element_type=\"widget\" data-e-type=\"widget\" data-widget_type=\"button.default\">\n\t\t\t\t<div class=\"elementor-widget-container\">\n\t\t\t\t\t\t\t\t\t<div class=\"elementor-button-wrapper\">\n\t\t\t\t\t<a class=\"elementor-button elementor-button-link elementor-size-lg\" href=\"https:\/\/michelcremerfoundation.eu\/index.php\/en\/make-a-donation-make-a-gift-online-gift-finance-research\/\">\n\t\t\t\t\t\t<span class=\"elementor-button-content-wrapper\">\n\t\t\t\t\t\t\t\t\t<span class=\"elementor-button-text\">Support our actions and make a donation<\/span>\n\t\t\t\t\t<\/span>\n\t\t\t\t\t<\/a>\n\t\t\t\t<\/div>\n\t\t\t\t\t\t\t\t<\/div>\n\t\t\t\t<\/div>\n\t\t\t\t<div class=\"elementor-element elementor-element-4ff1b79 elementor-widget elementor-widget-text-editor\" data-id=\"4ff1b79\" data-element_type=\"widget\" data-e-type=\"widget\" data-widget_type=\"text-editor.default\">\n\t\t\t\t<div class=\"elementor-widget-container\">\n\t\t\t\t\t\t\t\t\t<p><span style=\"color: #0e76bc;\">Thanks to relay and share this information via your channel and networks<\/span><\/p>\t\t\t\t\t\t\t\t<\/div>\n\t\t\t\t<\/div>\n\t\t\t\t<section class=\"elementor-section elementor-inner-section elementor-element elementor-element-6ce275b elementor-section-boxed elementor-section-height-default elementor-section-height-default\" data-id=\"6ce275b\" data-element_type=\"section\" data-e-type=\"section\">\n\t\t\t\t\t\t<div class=\"elementor-container elementor-column-gap-default\">\n\t\t\t\t\t<div class=\"elementor-column elementor-col-100 elementor-inner-column elementor-element elementor-element-914de76\" data-id=\"914de76\" data-element_type=\"column\" data-e-type=\"column\">\n\t\t\t<div class=\"elementor-widget-wrap elementor-element-populated\">\n\t\t\t\t\t\t<div class=\"elementor-element elementor-element-7a28fd0 elementor-shape-rounded elementor-grid-0 e-grid-align-center elementor-widget elementor-widget-social-icons\" data-id=\"7a28fd0\" data-element_type=\"widget\" data-e-type=\"widget\" data-widget_type=\"social-icons.default\">\n\t\t\t\t<div class=\"elementor-widget-container\">\n\t\t\t\t\t\t\t<div class=\"elementor-social-icons-wrapper elementor-grid\" role=\"list\">\n\t\t\t\t\t\t\t<span class=\"elementor-grid-item\" role=\"listitem\">\n\t\t\t\t\t<a class=\"elementor-icon elementor-social-icon elementor-social-icon-facebook elementor-repeater-item-7fcf72a\" href=\"https:\/\/www.facebook.com\/fondationmichelcremer\/\" target=\"_blank\">\n\t\t\t\t\t\t<span class=\"elementor-screen-only\">Facebook<\/span>\n\t\t\t\t\t\t<i aria-hidden=\"true\" class=\"fab fa-facebook\"><\/i>\t\t\t\t\t<\/a>\n\t\t\t\t<\/span>\n\t\t\t\t\t\t\t<span class=\"elementor-grid-item\" role=\"listitem\">\n\t\t\t\t\t<a class=\"elementor-icon elementor-social-icon elementor-social-icon-linkedin elementor-repeater-item-2dbf01b\" href=\"https:\/\/www.linkedin.com\/company\/18897844\/admin\/\" target=\"_blank\">\n\t\t\t\t\t\t<span class=\"elementor-screen-only\">Linkedin<\/span>\n\t\t\t\t\t\t<i aria-hidden=\"true\" class=\"fab fa-linkedin\"><\/i>\t\t\t\t\t<\/a>\n\t\t\t\t<\/span>\n\t\t\t\t\t\t\t<span class=\"elementor-grid-item\" role=\"listitem\">\n\t\t\t\t\t<a class=\"elementor-icon elementor-social-icon elementor-social-icon-twitter elementor-repeater-item-8a723de\" href=\"https:\/\/twitter.com\/cremer_michel\" target=\"_blank\">\n\t\t\t\t\t\t<span class=\"elementor-screen-only\">Twitter<\/span>\n\t\t\t\t\t\t<i aria-hidden=\"true\" class=\"fab fa-twitter\"><\/i>\t\t\t\t\t<\/a>\n\t\t\t\t<\/span>\n\t\t\t\t\t\t\t<span class=\"elementor-grid-item\" role=\"listitem\">\n\t\t\t\t\t<a class=\"elementor-icon elementor-social-icon elementor-social-icon-instagram elementor-repeater-item-b782dd5\" href=\"https:\/\/www.instagram.com\/csztalb\/\" target=\"_blank\">\n\t\t\t\t\t\t<span class=\"elementor-screen-only\">Instagram<\/span>\n\t\t\t\t\t\t<i aria-hidden=\"true\" class=\"fab fa-instagram\"><\/i>\t\t\t\t\t<\/a>\n\t\t\t\t<\/span>\n\t\t\t\t\t<\/div>\n\t\t\t\t\t\t<\/div>\n\t\t\t\t<\/div>\n\t\t\t\t\t<\/div>\n\t\t<\/div>\n\t\t\t\t\t<\/div>\n\t\t<\/section>\n\t\t\t\t\t<\/div>\n\t\t<\/div>\n\t\t\t\t\t<\/div>\n\t\t<\/section>\n\t\t\t\t<\/div>\n\t\t","protected":false},"excerpt":{"rendered":"<p>BXL TOUR 2021-08-29 Many thanks to the whole team of 15 runners for a good cause at the 20km race in Brussels. Below you will find some memories of this event &#8230; before and &#8230; after the effort. 20 km of Brussels &#8211; michel cremer&rsquo;s team &#8230; before and after&#8230; the effortBEFORE AND AFTER THE RACE Previous Next Support our actions and make a donation Thanks to relay and share this information via your channel and networks Facebook Linkedin Twitter Instagram<\/p>\n","protected":false},"author":2,"featured_media":9403,"comment_status":"open","ping_status":"open","sticky":false,"template":"","format":"standard","meta":{"give_campaign_id":0,"_jetpack_memberships_contains_paid_content":false,"footnotes":""},"categories":[329],"tags":[],"class_list":["post-9350","post","type-post","status-publish","format-standard","has-post-thumbnail","hentry","category-sport-en"],"yoast_head":"<!-- This site is optimized with the Yoast SEO plugin v27.5 - https:\/\/yoast.com\/product\/yoast-seo-wordpress\/ -->\n<title>20km Brussels 2021-09-12-EN - Fondation Michel Cremer<\/title>\n<meta name=\"description\" content=\"BXL Tour 2021 - The Michel Cremer Foundation was present with a team of 15 runners for 20km race in Brussels\" \/>\n<meta name=\"robots\" content=\"index, follow, max-snippet:-1, max-image-preview:large, max-video-preview:-1\" \/>\n<link rel=\"canonical\" href=\"https:\/\/michelcremerfoundation.eu\/index.php\/en\/2021\/09\/15\/20km-brussels-2021-09-12-en\/\" \/>\n<meta property=\"og:locale\" content=\"fr_FR\" \/>\n<meta property=\"og:type\" content=\"article\" \/>\n<meta property=\"og:title\" content=\"20km Brussels 2021-09-12-EN - Fondation Michel Cremer\" \/>\n<meta property=\"og:description\" content=\"BXL Tour 2021 - The Michel Cremer Foundation was present with a team of 15 runners for 20km race in Brussels\" \/>\n<meta property=\"og:url\" content=\"https:\/\/michelcremerfoundation.eu\/index.php\/en\/2021\/09\/15\/20km-brussels-2021-09-12-en\/\" \/>\n<meta property=\"og:site_name\" content=\"Fondation Michel Cremer\" \/>\n<meta property=\"article:publisher\" content=\"https:\/\/www.facebook.com\/fondationmichelcremer\" \/>\n<meta property=\"article:published_time\" content=\"2021-09-15T15:15:21+00:00\" \/>\n<meta property=\"article:modified_time\" content=\"2021-12-23T20:11:14+00:00\" \/>\n<meta property=\"og:image\" content=\"https:\/\/michelcremerfoundation.eu\/wp-content\/uploads\/2021\/12\/20km-BXL2021-09-12-Photo6.jpg\" \/>\n\t<meta property=\"og:image:width\" content=\"320\" \/>\n\t<meta property=\"og:image:height\" content=\"240\" \/>\n\t<meta property=\"og:image:type\" content=\"image\/jpeg\" \/>\n<meta name=\"author\" content=\"C\u00e9cile Sztalberg\" \/>\n<meta name=\"twitter:card\" content=\"summary_large_image\" \/>\n<meta name=\"twitter:label1\" content=\"\u00c9crit par\" \/>\n\t<meta name=\"twitter:data1\" content=\"C\u00e9cile Sztalberg\" \/>\n\t<meta name=\"twitter:label2\" content=\"Dur\u00e9e de lecture estim\u00e9e\" \/>\n\t<meta name=\"twitter:data2\" content=\"8 minutes\" \/>\n<script type=\"application\/ld+json\" class=\"yoast-schema-graph\">{\"@context\":\"https:\\\/\\\/schema.org\",\"@graph\":[{\"@type\":\"Article\",\"@id\":\"https:\\\/\\\/michelcremerfoundation.eu\\\/index.php\\\/en\\\/2021\\\/09\\\/15\\\/20km-brussels-2021-09-12-en\\\/#article\",\"isPartOf\":{\"@id\":\"https:\\\/\\\/michelcremerfoundation.eu\\\/index.php\\\/en\\\/2021\\\/09\\\/15\\\/20km-brussels-2021-09-12-en\\\/\"},\"author\":{\"name\":\"C\u00e9cile Sztalberg\",\"@id\":\"https:\\\/\\\/michelcremerfoundation.eu\\\/#\\\/schema\\\/person\\\/dbc78bafa5902e44b849bbe5219a905e\"},\"headline\":\"20km Brussels 2021-09-12-EN\",\"datePublished\":\"2021-09-15T15:15:21+00:00\",\"dateModified\":\"2021-12-23T20:11:14+00:00\",\"mainEntityOfPage\":{\"@id\":\"https:\\\/\\\/michelcremerfoundation.eu\\\/index.php\\\/en\\\/2021\\\/09\\\/15\\\/20km-brussels-2021-09-12-en\\\/\"},\"wordCount\":82,\"commentCount\":0,\"publisher\":{\"@id\":\"https:\\\/\\\/michelcremerfoundation.eu\\\/#organization\"},\"image\":{\"@id\":\"https:\\\/\\\/michelcremerfoundation.eu\\\/index.php\\\/en\\\/2021\\\/09\\\/15\\\/20km-brussels-2021-09-12-en\\\/#primaryimage\"},\"thumbnailUrl\":\"https:\\\/\\\/michelcremerfoundation.eu\\\/wp-content\\\/uploads\\\/2021\\\/12\\\/20km-BXL2021-09-12-Photo6.jpg\",\"articleSection\":[\"Sport\"],\"inLanguage\":\"fr-FR\",\"potentialAction\":[{\"@type\":\"CommentAction\",\"name\":\"Comment\",\"target\":[\"https:\\\/\\\/michelcremerfoundation.eu\\\/index.php\\\/en\\\/2021\\\/09\\\/15\\\/20km-brussels-2021-09-12-en\\\/#respond\"]}]},{\"@type\":\"WebPage\",\"@id\":\"https:\\\/\\\/michelcremerfoundation.eu\\\/index.php\\\/en\\\/2021\\\/09\\\/15\\\/20km-brussels-2021-09-12-en\\\/\",\"url\":\"https:\\\/\\\/michelcremerfoundation.eu\\\/index.php\\\/en\\\/2021\\\/09\\\/15\\\/20km-brussels-2021-09-12-en\\\/\",\"name\":\"20km Brussels 2021-09-12-EN - Fondation Michel Cremer\",\"isPartOf\":{\"@id\":\"https:\\\/\\\/michelcremerfoundation.eu\\\/#website\"},\"primaryImageOfPage\":{\"@id\":\"https:\\\/\\\/michelcremerfoundation.eu\\\/index.php\\\/en\\\/2021\\\/09\\\/15\\\/20km-brussels-2021-09-12-en\\\/#primaryimage\"},\"image\":{\"@id\":\"https:\\\/\\\/michelcremerfoundation.eu\\\/index.php\\\/en\\\/2021\\\/09\\\/15\\\/20km-brussels-2021-09-12-en\\\/#primaryimage\"},\"thumbnailUrl\":\"https:\\\/\\\/michelcremerfoundation.eu\\\/wp-content\\\/uploads\\\/2021\\\/12\\\/20km-BXL2021-09-12-Photo6.jpg\",\"datePublished\":\"2021-09-15T15:15:21+00:00\",\"dateModified\":\"2021-12-23T20:11:14+00:00\",\"description\":\"BXL Tour 2021 - The Michel Cremer Foundation was present with a team of 15 runners for 20km race in Brussels\",\"breadcrumb\":{\"@id\":\"https:\\\/\\\/michelcremerfoundation.eu\\\/index.php\\\/en\\\/2021\\\/09\\\/15\\\/20km-brussels-2021-09-12-en\\\/#breadcrumb\"},\"inLanguage\":\"fr-FR\",\"potentialAction\":[{\"@type\":\"ReadAction\",\"target\":[\"https:\\\/\\\/michelcremerfoundation.eu\\\/index.php\\\/en\\\/2021\\\/09\\\/15\\\/20km-brussels-2021-09-12-en\\\/\"]}]},{\"@type\":\"ImageObject\",\"inLanguage\":\"fr-FR\",\"@id\":\"https:\\\/\\\/michelcremerfoundation.eu\\\/index.php\\\/en\\\/2021\\\/09\\\/15\\\/20km-brussels-2021-09-12-en\\\/#primaryimage\",\"url\":\"https:\\\/\\\/michelcremerfoundation.eu\\\/wp-content\\\/uploads\\\/2021\\\/12\\\/20km-BXL2021-09-12-Photo6.jpg\",\"contentUrl\":\"https:\\\/\\\/michelcremerfoundation.eu\\\/wp-content\\\/uploads\\\/2021\\\/12\\\/20km-BXL2021-09-12-Photo6.jpg\",\"width\":320,\"height\":240,\"caption\":\"20km 2021\"},{\"@type\":\"BreadcrumbList\",\"@id\":\"https:\\\/\\\/michelcremerfoundation.eu\\\/index.php\\\/en\\\/2021\\\/09\\\/15\\\/20km-brussels-2021-09-12-en\\\/#breadcrumb\",\"itemListElement\":[{\"@type\":\"ListItem\",\"position\":1,\"name\":\"Accueil\",\"item\":\"https:\\\/\\\/michelcremerfoundation.eu\\\/\"},{\"@type\":\"ListItem\",\"position\":2,\"name\":\"20km Brussels 2021-09-12-EN\"}]},{\"@type\":\"WebSite\",\"@id\":\"https:\\\/\\\/michelcremerfoundation.eu\\\/#website\",\"url\":\"https:\\\/\\\/michelcremerfoundation.eu\\\/\",\"name\":\"Fondation Michel Cremer\",\"description\":\"Ensemble, vers la m\u00e9decine du futur\",\"publisher\":{\"@id\":\"https:\\\/\\\/michelcremerfoundation.eu\\\/#organization\"},\"potentialAction\":[{\"@type\":\"SearchAction\",\"target\":{\"@type\":\"EntryPoint\",\"urlTemplate\":\"https:\\\/\\\/michelcremerfoundation.eu\\\/?s={search_term_string}\"},\"query-input\":{\"@type\":\"PropertyValueSpecification\",\"valueRequired\":true,\"valueName\":\"search_term_string\"}}],\"inLanguage\":\"fr-FR\"},{\"@type\":\"Organization\",\"@id\":\"https:\\\/\\\/michelcremerfoundation.eu\\\/#organization\",\"name\":\"Fondation Michel Cremer\",\"url\":\"https:\\\/\\\/michelcremerfoundation.eu\\\/\",\"logo\":{\"@type\":\"ImageObject\",\"inLanguage\":\"fr-FR\",\"@id\":\"https:\\\/\\\/michelcremerfoundation.eu\\\/#\\\/schema\\\/logo\\\/image\\\/\",\"url\":\"https:\\\/\\\/michelcremerfoundation.eu\\\/wp-content\\\/uploads\\\/2018\\\/03\\\/Logo-FMC-e1520765525490.jpg\",\"contentUrl\":\"https:\\\/\\\/michelcremerfoundation.eu\\\/wp-content\\\/uploads\\\/2018\\\/03\\\/Logo-FMC-e1520765525490.jpg\",\"width\":100,\"height\":66,\"caption\":\"Fondation Michel Cremer\"},\"image\":{\"@id\":\"https:\\\/\\\/michelcremerfoundation.eu\\\/#\\\/schema\\\/logo\\\/image\\\/\"},\"sameAs\":[\"https:\\\/\\\/www.facebook.com\\\/fondationmichelcremer\",\"https:\\\/\\\/www.linkedin.com\\\/company\\\/18897844\"]},{\"@type\":\"Person\",\"@id\":\"https:\\\/\\\/michelcremerfoundation.eu\\\/#\\\/schema\\\/person\\\/dbc78bafa5902e44b849bbe5219a905e\",\"name\":\"C\u00e9cile Sztalberg\",\"image\":{\"@type\":\"ImageObject\",\"inLanguage\":\"fr-FR\",\"@id\":\"https:\\\/\\\/secure.gravatar.com\\\/avatar\\\/58a24f6795780ccee905683d2e01fb8c32e79ec47ec0a6e65caba76dc9388e29?s=96&d=mm&r=g\",\"url\":\"https:\\\/\\\/secure.gravatar.com\\\/avatar\\\/58a24f6795780ccee905683d2e01fb8c32e79ec47ec0a6e65caba76dc9388e29?s=96&d=mm&r=g\",\"contentUrl\":\"https:\\\/\\\/secure.gravatar.com\\\/avatar\\\/58a24f6795780ccee905683d2e01fb8c32e79ec47ec0a6e65caba76dc9388e29?s=96&d=mm&r=g\",\"caption\":\"C\u00e9cile Sztalberg\"},\"url\":\"https:\\\/\\\/michelcremerfoundation.eu\\\/index.php\\\/author\\\/cecile\\\/\"}]}<\/script>\n<!-- \/ Yoast SEO plugin. -->","yoast_head_json":{"title":"20km Brussels 2021-09-12-EN - Fondation Michel Cremer","description":"BXL Tour 2021 - The Michel Cremer Foundation was present with a team of 15 runners for 20km race in Brussels","robots":{"index":"index","follow":"follow","max-snippet":"max-snippet:-1","max-image-preview":"max-image-preview:large","max-video-preview":"max-video-preview:-1"},"canonical":"https:\/\/michelcremerfoundation.eu\/index.php\/en\/2021\/09\/15\/20km-brussels-2021-09-12-en\/","og_locale":"fr_FR","og_type":"article","og_title":"20km Brussels 2021-09-12-EN - Fondation Michel Cremer","og_description":"BXL Tour 2021 - The Michel Cremer Foundation was present with a team of 15 runners for 20km race in Brussels","og_url":"https:\/\/michelcremerfoundation.eu\/index.php\/en\/2021\/09\/15\/20km-brussels-2021-09-12-en\/","og_site_name":"Fondation Michel Cremer","article_publisher":"https:\/\/www.facebook.com\/fondationmichelcremer","article_published_time":"2021-09-15T15:15:21+00:00","article_modified_time":"2021-12-23T20:11:14+00:00","og_image":[{"width":320,"height":240,"url":"https:\/\/michelcremerfoundation.eu\/wp-content\/uploads\/2021\/12\/20km-BXL2021-09-12-Photo6.jpg","type":"image\/jpeg"}],"author":"C\u00e9cile Sztalberg","twitter_card":"summary_large_image","twitter_misc":{"\u00c9crit par":"C\u00e9cile Sztalberg","Dur\u00e9e de lecture estim\u00e9e":"8 minutes"},"schema":{"@context":"https:\/\/schema.org","@graph":[{"@type":"Article","@id":"https:\/\/michelcremerfoundation.eu\/index.php\/en\/2021\/09\/15\/20km-brussels-2021-09-12-en\/#article","isPartOf":{"@id":"https:\/\/michelcremerfoundation.eu\/index.php\/en\/2021\/09\/15\/20km-brussels-2021-09-12-en\/"},"author":{"name":"C\u00e9cile Sztalberg","@id":"https:\/\/michelcremerfoundation.eu\/#\/schema\/person\/dbc78bafa5902e44b849bbe5219a905e"},"headline":"20km Brussels 2021-09-12-EN","datePublished":"2021-09-15T15:15:21+00:00","dateModified":"2021-12-23T20:11:14+00:00","mainEntityOfPage":{"@id":"https:\/\/michelcremerfoundation.eu\/index.php\/en\/2021\/09\/15\/20km-brussels-2021-09-12-en\/"},"wordCount":82,"commentCount":0,"publisher":{"@id":"https:\/\/michelcremerfoundation.eu\/#organization"},"image":{"@id":"https:\/\/michelcremerfoundation.eu\/index.php\/en\/2021\/09\/15\/20km-brussels-2021-09-12-en\/#primaryimage"},"thumbnailUrl":"https:\/\/michelcremerfoundation.eu\/wp-content\/uploads\/2021\/12\/20km-BXL2021-09-12-Photo6.jpg","articleSection":["Sport"],"inLanguage":"fr-FR","potentialAction":[{"@type":"CommentAction","name":"Comment","target":["https:\/\/michelcremerfoundation.eu\/index.php\/en\/2021\/09\/15\/20km-brussels-2021-09-12-en\/#respond"]}]},{"@type":"WebPage","@id":"https:\/\/michelcremerfoundation.eu\/index.php\/en\/2021\/09\/15\/20km-brussels-2021-09-12-en\/","url":"https:\/\/michelcremerfoundation.eu\/index.php\/en\/2021\/09\/15\/20km-brussels-2021-09-12-en\/","name":"20km Brussels 2021-09-12-EN - Fondation Michel Cremer","isPartOf":{"@id":"https:\/\/michelcremerfoundation.eu\/#website"},"primaryImageOfPage":{"@id":"https:\/\/michelcremerfoundation.eu\/index.php\/en\/2021\/09\/15\/20km-brussels-2021-09-12-en\/#primaryimage"},"image":{"@id":"https:\/\/michelcremerfoundation.eu\/index.php\/en\/2021\/09\/15\/20km-brussels-2021-09-12-en\/#primaryimage"},"thumbnailUrl":"https:\/\/michelcremerfoundation.eu\/wp-content\/uploads\/2021\/12\/20km-BXL2021-09-12-Photo6.jpg","datePublished":"2021-09-15T15:15:21+00:00","dateModified":"2021-12-23T20:11:14+00:00","description":"BXL Tour 2021 - The Michel Cremer Foundation was present with a team of 15 runners for 20km race in Brussels","breadcrumb":{"@id":"https:\/\/michelcremerfoundation.eu\/index.php\/en\/2021\/09\/15\/20km-brussels-2021-09-12-en\/#breadcrumb"},"inLanguage":"fr-FR","potentialAction":[{"@type":"ReadAction","target":["https:\/\/michelcremerfoundation.eu\/index.php\/en\/2021\/09\/15\/20km-brussels-2021-09-12-en\/"]}]},{"@type":"ImageObject","inLanguage":"fr-FR","@id":"https:\/\/michelcremerfoundation.eu\/index.php\/en\/2021\/09\/15\/20km-brussels-2021-09-12-en\/#primaryimage","url":"https:\/\/michelcremerfoundation.eu\/wp-content\/uploads\/2021\/12\/20km-BXL2021-09-12-Photo6.jpg","contentUrl":"https:\/\/michelcremerfoundation.eu\/wp-content\/uploads\/2021\/12\/20km-BXL2021-09-12-Photo6.jpg","width":320,"height":240,"caption":"20km 2021"},{"@type":"BreadcrumbList","@id":"https:\/\/michelcremerfoundation.eu\/index.php\/en\/2021\/09\/15\/20km-brussels-2021-09-12-en\/#breadcrumb","itemListElement":[{"@type":"ListItem","position":1,"name":"Accueil","item":"https:\/\/michelcremerfoundation.eu\/"},{"@type":"ListItem","position":2,"name":"20km Brussels 2021-09-12-EN"}]},{"@type":"WebSite","@id":"https:\/\/michelcremerfoundation.eu\/#website","url":"https:\/\/michelcremerfoundation.eu\/","name":"Fondation Michel Cremer","description":"Ensemble, vers la m\u00e9decine du futur","publisher":{"@id":"https:\/\/michelcremerfoundation.eu\/#organization"},"potentialAction":[{"@type":"SearchAction","target":{"@type":"EntryPoint","urlTemplate":"https:\/\/michelcremerfoundation.eu\/?s={search_term_string}"},"query-input":{"@type":"PropertyValueSpecification","valueRequired":true,"valueName":"search_term_string"}}],"inLanguage":"fr-FR"},{"@type":"Organization","@id":"https:\/\/michelcremerfoundation.eu\/#organization","name":"Fondation Michel Cremer","url":"https:\/\/michelcremerfoundation.eu\/","logo":{"@type":"ImageObject","inLanguage":"fr-FR","@id":"https:\/\/michelcremerfoundation.eu\/#\/schema\/logo\/image\/","url":"https:\/\/michelcremerfoundation.eu\/wp-content\/uploads\/2018\/03\/Logo-FMC-e1520765525490.jpg","contentUrl":"https:\/\/michelcremerfoundation.eu\/wp-content\/uploads\/2018\/03\/Logo-FMC-e1520765525490.jpg","width":100,"height":66,"caption":"Fondation Michel Cremer"},"image":{"@id":"https:\/\/michelcremerfoundation.eu\/#\/schema\/logo\/image\/"},"sameAs":["https:\/\/www.facebook.com\/fondationmichelcremer","https:\/\/www.linkedin.com\/company\/18897844"]},{"@type":"Person","@id":"https:\/\/michelcremerfoundation.eu\/#\/schema\/person\/dbc78bafa5902e44b849bbe5219a905e","name":"C\u00e9cile Sztalberg","image":{"@type":"ImageObject","inLanguage":"fr-FR","@id":"https:\/\/secure.gravatar.com\/avatar\/58a24f6795780ccee905683d2e01fb8c32e79ec47ec0a6e65caba76dc9388e29?s=96&d=mm&r=g","url":"https:\/\/secure.gravatar.com\/avatar\/58a24f6795780ccee905683d2e01fb8c32e79ec47ec0a6e65caba76dc9388e29?s=96&d=mm&r=g","contentUrl":"https:\/\/secure.gravatar.com\/avatar\/58a24f6795780ccee905683d2e01fb8c32e79ec47ec0a6e65caba76dc9388e29?s=96&d=mm&r=g","caption":"C\u00e9cile Sztalberg"},"url":"https:\/\/michelcremerfoundation.eu\/index.php\/author\/cecile\/"}]}},"jetpack_featured_media_url":"https:\/\/michelcremerfoundation.eu\/wp-content\/uploads\/2021\/12\/20km-BXL2021-09-12-Photo6.jpg","jetpack_shortlink":"https:\/\/wp.me\/papkNB-2qO","jetpack_sharing_enabled":true,"_links":{"self":[{"href":"https:\/\/michelcremerfoundation.eu\/index.php\/wp-json\/wp\/v2\/posts\/9350","targetHints":{"allow":["GET"]}}],"collection":[{"href":"https:\/\/michelcremerfoundation.eu\/index.php\/wp-json\/wp\/v2\/posts"}],"about":[{"href":"https:\/\/michelcremerfoundation.eu\/index.php\/wp-json\/wp\/v2\/types\/post"}],"author":[{"embeddable":true,"href":"https:\/\/michelcremerfoundation.eu\/index.php\/wp-json\/wp\/v2\/users\/2"}],"replies":[{"embeddable":true,"href":"https:\/\/michelcremerfoundation.eu\/index.php\/wp-json\/wp\/v2\/comments?post=9350"}],"version-history":[{"count":17,"href":"https:\/\/michelcremerfoundation.eu\/index.php\/wp-json\/wp\/v2\/posts\/9350\/revisions"}],"predecessor-version":[{"id":9421,"href":"https:\/\/michelcremerfoundation.eu\/index.php\/wp-json\/wp\/v2\/posts\/9350\/revisions\/9421"}],"wp:featuredmedia":[{"embeddable":true,"href":"https:\/\/michelcremerfoundation.eu\/index.php\/wp-json\/wp\/v2\/media\/9403"}],"wp:attachment":[{"href":"https:\/\/michelcremerfoundation.eu\/index.php\/wp-json\/wp\/v2\/media?parent=9350"}],"wp:term":[{"taxonomy":"category","embeddable":true,"href":"https:\/\/michelcremerfoundation.eu\/index.php\/wp-json\/wp\/v2\/categories?post=9350"},{"taxonomy":"post_tag","embeddable":true,"href":"https:\/\/michelcremerfoundation.eu\/index.php\/wp-json\/wp\/v2\/tags?post=9350"}],"curies":[{"name":"wp","href":"https:\/\/api.w.org\/{rel}","templated":true}]}}