{"id":4319,"date":"2018-10-11T23:19:49","date_gmt":"2018-10-11T21:19:49","guid":{"rendered":"https:\/\/michelcremerfoundation.eu\/?p=4319"},"modified":"2021-12-23T21:56:46","modified_gmt":"2021-12-23T20:56:46","slug":"the-foundation-joins-the-10th-anniversary-of-the-biomedical-sector","status":"publish","type":"post","link":"https:\/\/michelcremerfoundation.eu\/index.php\/en\/2018\/10\/11\/the-foundation-joins-the-10th-anniversary-of-the-biomedical-sector\/","title":{"rendered":"THE FOUNDATION JOINS THE 10th ANNIVERSARY OF THE BIOMEDICAL SECTOR"},"content":{"rendered":"\t\t<div data-elementor-type=\"wp-post\" data-elementor-id=\"4319\" class=\"elementor elementor-4319\">\n\t\t\t\t\t\t<section class=\"elementor-section elementor-top-section elementor-element elementor-element-f92238e elementor-section-boxed elementor-section-height-default elementor-section-height-default\" data-id=\"f92238e\" data-element_type=\"section\" data-e-type=\"section\">\n\t\t\t\t\t\t<div class=\"elementor-container elementor-column-gap-default\">\n\t\t\t\t\t<div class=\"elementor-column elementor-col-100 elementor-top-column elementor-element elementor-element-19186f96\" data-id=\"19186f96\" data-element_type=\"column\" data-e-type=\"column\">\n\t\t\t<div class=\"elementor-widget-wrap elementor-element-populated\">\n\t\t\t\t\t\t<div class=\"elementor-element elementor-element-15e4be58 elementor-widget elementor-widget-text-editor\" data-id=\"15e4be58\" data-element_type=\"widget\" data-e-type=\"widget\" data-widget_type=\"text-editor.default\">\n\t\t\t\t<div class=\"elementor-widget-container\">\n\t\t\t\t\t\t\t\t\t<p>The Michel Cremer Foundation is associated with the biomedical branch of the Ecole Polytechnique of the ULB to celebrate its 10 years of existence : you are cordially invited\/ invited to the academic session on the occasion of this anniversary on Thursday 11\/10\/2018 at 5 pm.<br style=\"font-family: Tahoma, Verdana, Arial, Helvetica, sans-serif;\" \/><br style=\"font-family: Tahoma, Verdana, Arial, Helvetica, sans-serif;\" \/>We will be attending this session and hope to have the pleasure of meeting you there.<br style=\"font-family: Tahoma, Verdana, Arial, Helvetica, sans-serif;\" \/><br style=\"font-family: Tahoma, Verdana, Arial, Helvetica, sans-serif;\" \/>Address: EEBIC, All\u00e9e de la Recherche 12 , Erasmus scientific Park, Anderlecht \u2013 M\u00e9tro Erasme<br style=\"font-family: Tahoma, Verdana, Arial, Helvetica, sans-serif;\" \/><br style=\"font-family: Tahoma, Verdana, Arial, Helvetica, sans-serif;\" \/>This training course was created 10 years ago, in particular on the basis of the research collaboration initiated between the gastroenterology department of the Erasmus Hospital and the Ecole Polytechnique.<\/p><p><span id=\"s2_1\">It will be an opportunity to discover all the partners of the Foundation : the actors of the research and training, the hospital, the researchers,<\/span>\u00a0<span id=\"s2_2\">their achievements and their projects. Interested ?<\/span><\/p><p><span id=\"s2_3\">For the right organization, we ask you to register via the form on the Contact page.<\/span><\/p>\t\t\t\t\t\t\t\t<\/div>\n\t\t\t\t<\/div>\n\t\t\t\t<div class=\"elementor-element elementor-element-0bda198 elementor-align-center elementor-widget elementor-widget-button\" data-id=\"0bda198\" data-element_type=\"widget\" data-e-type=\"widget\" data-widget_type=\"button.default\">\n\t\t\t\t<div class=\"elementor-widget-container\">\n\t\t\t\t\t\t\t\t\t<div class=\"elementor-button-wrapper\">\n\t\t\t\t\t<a class=\"elementor-button elementor-button-link elementor-size-sm\" href=\"\/index.php\/en\/contact-2-2\/\">\n\t\t\t\t\t\t<span class=\"elementor-button-content-wrapper\">\n\t\t\t\t\t\t\t\t\t<span class=\"elementor-button-text\">register<\/span>\n\t\t\t\t\t<\/span>\n\t\t\t\t\t<\/a>\n\t\t\t\t<\/div>\n\t\t\t\t\t\t\t\t<\/div>\n\t\t\t\t<\/div>\n\t\t\t\t\t<\/div>\n\t\t<\/div>\n\t\t\t\t\t<\/div>\n\t\t<\/section>\n\t\t\t\t<\/div>\n\t\t","protected":false},"excerpt":{"rendered":"<p>The Michel Cremer Foundation is associated with the biomedical branch of the Ecole Polytechnique of the ULB to celebrate its 10 years of existence : you are cordially invited\/ invited to the academic session on the occasion of this anniversary on Thursday 11\/10\/2018 at 5 pm.We will be attending this session and hope to have the pleasure of meeting you there.Address: EEBIC, All\u00e9e de la Recherche 12 , Erasmus scientific Park, Anderlecht \u2013 M\u00e9tro ErasmeThis training course was created 10 years ago, in particular on the basis of the research collaboration initiated between the gastroenterology department of the Erasmus Hospital and the Ecole Polytechnique. It will be an opportunity to discover all the partners of the Foundation : the actors of the research and training, the hospital, the researchers,\u00a0their achievements and their projects. Interested ? For the right organization, we ask you to register via the form on the Contact page. register<\/p>\n","protected":false},"author":8,"featured_media":1128,"comment_status":"open","ping_status":"open","sticky":false,"template":"","format":"standard","meta":{"give_campaign_id":0,"_jetpack_memberships_contains_paid_content":false,"footnotes":""},"categories":[386],"tags":[],"class_list":["post-4319","post","type-post","status-publish","format-standard","has-post-thumbnail","hentry","category-general-information"],"yoast_head":"<!-- This site is optimized with the Yoast SEO plugin v27.5 - https:\/\/yoast.com\/product\/yoast-seo-wordpress\/ -->\n<title>THE FOUNDATION JOINS THE 10th ANNIVERSARY OF THE BIOMEDICAL SECTOR - Fondation Michel Cremer<\/title>\n<meta name=\"robots\" content=\"index, follow, max-snippet:-1, max-image-preview:large, max-video-preview:-1\" \/>\n<link rel=\"canonical\" href=\"https:\/\/michelcremerfoundation.eu\/index.php\/en\/2018\/10\/11\/the-foundation-joins-the-10th-anniversary-of-the-biomedical-sector\/\" \/>\n<meta property=\"og:locale\" content=\"fr_FR\" \/>\n<meta property=\"og:type\" content=\"article\" \/>\n<meta property=\"og:title\" content=\"THE FOUNDATION JOINS THE 10th ANNIVERSARY OF THE BIOMEDICAL SECTOR - Fondation Michel Cremer\" \/>\n<meta property=\"og:description\" content=\"The Michel Cremer Foundation is associated with the biomedical branch of the Ecole Polytechnique of the ULB to celebrate its 10 years of existence : you are cordially invited\/ invited to the academic session on the occasion of this anniversary on Thursday 11\/10\/2018 at 5 pm.We will be attending this session and hope to have the pleasure of meeting you there.Address: EEBIC, All\u00e9e de la Recherche 12 , Erasmus scientific Park, Anderlecht \u2013 M\u00e9tro ErasmeThis training course was created 10 years ago, in particular on the basis of the research collaboration initiated between the gastroenterology department of the Erasmus Hospital and the Ecole Polytechnique. It will be an opportunity to discover all the partners of the Foundation : the actors of the research and training, the hospital, the researchers,\u00a0their achievements and their projects. Interested ? For the right organization, we ask you to register via the form on the Contact page. register\" \/>\n<meta property=\"og:url\" content=\"https:\/\/michelcremerfoundation.eu\/index.php\/en\/2018\/10\/11\/the-foundation-joins-the-10th-anniversary-of-the-biomedical-sector\/\" \/>\n<meta property=\"og:site_name\" content=\"Fondation Michel Cremer\" \/>\n<meta property=\"article:publisher\" content=\"https:\/\/www.facebook.com\/fondationmichelcremer\" \/>\n<meta property=\"article:published_time\" content=\"2018-10-11T21:19:49+00:00\" \/>\n<meta property=\"article:modified_time\" content=\"2021-12-23T20:56:46+00:00\" \/>\n<meta property=\"og:image\" content=\"https:\/\/michelcremerfoundation.eu\/wp-content\/uploads\/2018\/10\/Specificites_960x920.jpg\" \/>\n\t<meta property=\"og:image:width\" content=\"960\" \/>\n\t<meta property=\"og:image:height\" content=\"920\" \/>\n\t<meta property=\"og:image:type\" content=\"image\/jpeg\" \/>\n<meta name=\"author\" content=\"Carine D&#039;Hamers\" \/>\n<meta name=\"twitter:card\" content=\"summary_large_image\" \/>\n<meta name=\"twitter:label1\" content=\"\u00c9crit par\" \/>\n\t<meta name=\"twitter:data1\" content=\"Carine D&#039;Hamers\" \/>\n\t<meta name=\"twitter:label2\" content=\"Dur\u00e9e de lecture estim\u00e9e\" \/>\n\t<meta name=\"twitter:data2\" content=\"1 minute\" \/>\n<script type=\"application\/ld+json\" class=\"yoast-schema-graph\">{\"@context\":\"https:\\\/\\\/schema.org\",\"@graph\":[{\"@type\":\"Article\",\"@id\":\"https:\\\/\\\/michelcremerfoundation.eu\\\/index.php\\\/en\\\/2018\\\/10\\\/11\\\/the-foundation-joins-the-10th-anniversary-of-the-biomedical-sector\\\/#article\",\"isPartOf\":{\"@id\":\"https:\\\/\\\/michelcremerfoundation.eu\\\/index.php\\\/en\\\/2018\\\/10\\\/11\\\/the-foundation-joins-the-10th-anniversary-of-the-biomedical-sector\\\/\"},\"author\":{\"name\":\"Carine D'Hamers\",\"@id\":\"https:\\\/\\\/michelcremerfoundation.eu\\\/#\\\/schema\\\/person\\\/d0dbc6ad085d036876e1422ca751c9cf\"},\"headline\":\"THE FOUNDATION JOINS THE 10th ANNIVERSARY OF THE BIOMEDICAL SECTOR\",\"datePublished\":\"2018-10-11T21:19:49+00:00\",\"dateModified\":\"2021-12-23T20:56:46+00:00\",\"mainEntityOfPage\":{\"@id\":\"https:\\\/\\\/michelcremerfoundation.eu\\\/index.php\\\/en\\\/2018\\\/10\\\/11\\\/the-foundation-joins-the-10th-anniversary-of-the-biomedical-sector\\\/\"},\"wordCount\":158,\"commentCount\":0,\"publisher\":{\"@id\":\"https:\\\/\\\/michelcremerfoundation.eu\\\/#organization\"},\"image\":{\"@id\":\"https:\\\/\\\/michelcremerfoundation.eu\\\/index.php\\\/en\\\/2018\\\/10\\\/11\\\/the-foundation-joins-the-10th-anniversary-of-the-biomedical-sector\\\/#primaryimage\"},\"thumbnailUrl\":\"https:\\\/\\\/michelcremerfoundation.eu\\\/wp-content\\\/uploads\\\/2018\\\/10\\\/Specificites_960x920.jpg\",\"articleSection\":[\"General information\"],\"inLanguage\":\"fr-FR\",\"potentialAction\":[{\"@type\":\"CommentAction\",\"name\":\"Comment\",\"target\":[\"https:\\\/\\\/michelcremerfoundation.eu\\\/index.php\\\/en\\\/2018\\\/10\\\/11\\\/the-foundation-joins-the-10th-anniversary-of-the-biomedical-sector\\\/#respond\"]}]},{\"@type\":\"WebPage\",\"@id\":\"https:\\\/\\\/michelcremerfoundation.eu\\\/index.php\\\/en\\\/2018\\\/10\\\/11\\\/the-foundation-joins-the-10th-anniversary-of-the-biomedical-sector\\\/\",\"url\":\"https:\\\/\\\/michelcremerfoundation.eu\\\/index.php\\\/en\\\/2018\\\/10\\\/11\\\/the-foundation-joins-the-10th-anniversary-of-the-biomedical-sector\\\/\",\"name\":\"THE FOUNDATION JOINS THE 10th ANNIVERSARY OF THE BIOMEDICAL SECTOR - Fondation Michel Cremer\",\"isPartOf\":{\"@id\":\"https:\\\/\\\/michelcremerfoundation.eu\\\/#website\"},\"primaryImageOfPage\":{\"@id\":\"https:\\\/\\\/michelcremerfoundation.eu\\\/index.php\\\/en\\\/2018\\\/10\\\/11\\\/the-foundation-joins-the-10th-anniversary-of-the-biomedical-sector\\\/#primaryimage\"},\"image\":{\"@id\":\"https:\\\/\\\/michelcremerfoundation.eu\\\/index.php\\\/en\\\/2018\\\/10\\\/11\\\/the-foundation-joins-the-10th-anniversary-of-the-biomedical-sector\\\/#primaryimage\"},\"thumbnailUrl\":\"https:\\\/\\\/michelcremerfoundation.eu\\\/wp-content\\\/uploads\\\/2018\\\/10\\\/Specificites_960x920.jpg\",\"datePublished\":\"2018-10-11T21:19:49+00:00\",\"dateModified\":\"2021-12-23T20:56:46+00:00\",\"breadcrumb\":{\"@id\":\"https:\\\/\\\/michelcremerfoundation.eu\\\/index.php\\\/en\\\/2018\\\/10\\\/11\\\/the-foundation-joins-the-10th-anniversary-of-the-biomedical-sector\\\/#breadcrumb\"},\"inLanguage\":\"fr-FR\",\"potentialAction\":[{\"@type\":\"ReadAction\",\"target\":[\"https:\\\/\\\/michelcremerfoundation.eu\\\/index.php\\\/en\\\/2018\\\/10\\\/11\\\/the-foundation-joins-the-10th-anniversary-of-the-biomedical-sector\\\/\"]}]},{\"@type\":\"ImageObject\",\"inLanguage\":\"fr-FR\",\"@id\":\"https:\\\/\\\/michelcremerfoundation.eu\\\/index.php\\\/en\\\/2018\\\/10\\\/11\\\/the-foundation-joins-the-10th-anniversary-of-the-biomedical-sector\\\/#primaryimage\",\"url\":\"https:\\\/\\\/michelcremerfoundation.eu\\\/wp-content\\\/uploads\\\/2018\\\/10\\\/Specificites_960x920.jpg\",\"contentUrl\":\"https:\\\/\\\/michelcremerfoundation.eu\\\/wp-content\\\/uploads\\\/2018\\\/10\\\/Specificites_960x920.jpg\",\"width\":960,\"height\":920},{\"@type\":\"BreadcrumbList\",\"@id\":\"https:\\\/\\\/michelcremerfoundation.eu\\\/index.php\\\/en\\\/2018\\\/10\\\/11\\\/the-foundation-joins-the-10th-anniversary-of-the-biomedical-sector\\\/#breadcrumb\",\"itemListElement\":[{\"@type\":\"ListItem\",\"position\":1,\"name\":\"Accueil\",\"item\":\"https:\\\/\\\/michelcremerfoundation.eu\\\/\"},{\"@type\":\"ListItem\",\"position\":2,\"name\":\"THE FOUNDATION JOINS THE 10th ANNIVERSARY OF THE BIOMEDICAL SECTOR\"}]},{\"@type\":\"WebSite\",\"@id\":\"https:\\\/\\\/michelcremerfoundation.eu\\\/#website\",\"url\":\"https:\\\/\\\/michelcremerfoundation.eu\\\/\",\"name\":\"Fondation Michel Cremer\",\"description\":\"Ensemble, vers la m\u00e9decine du futur\",\"publisher\":{\"@id\":\"https:\\\/\\\/michelcremerfoundation.eu\\\/#organization\"},\"potentialAction\":[{\"@type\":\"SearchAction\",\"target\":{\"@type\":\"EntryPoint\",\"urlTemplate\":\"https:\\\/\\\/michelcremerfoundation.eu\\\/?s={search_term_string}\"},\"query-input\":{\"@type\":\"PropertyValueSpecification\",\"valueRequired\":true,\"valueName\":\"search_term_string\"}}],\"inLanguage\":\"fr-FR\"},{\"@type\":\"Organization\",\"@id\":\"https:\\\/\\\/michelcremerfoundation.eu\\\/#organization\",\"name\":\"Fondation Michel Cremer\",\"url\":\"https:\\\/\\\/michelcremerfoundation.eu\\\/\",\"logo\":{\"@type\":\"ImageObject\",\"inLanguage\":\"fr-FR\",\"@id\":\"https:\\\/\\\/michelcremerfoundation.eu\\\/#\\\/schema\\\/logo\\\/image\\\/\",\"url\":\"https:\\\/\\\/michelcremerfoundation.eu\\\/wp-content\\\/uploads\\\/2018\\\/03\\\/Logo-FMC-e1520765525490.jpg\",\"contentUrl\":\"https:\\\/\\\/michelcremerfoundation.eu\\\/wp-content\\\/uploads\\\/2018\\\/03\\\/Logo-FMC-e1520765525490.jpg\",\"width\":100,\"height\":66,\"caption\":\"Fondation Michel Cremer\"},\"image\":{\"@id\":\"https:\\\/\\\/michelcremerfoundation.eu\\\/#\\\/schema\\\/logo\\\/image\\\/\"},\"sameAs\":[\"https:\\\/\\\/www.facebook.com\\\/fondationmichelcremer\",\"https:\\\/\\\/www.linkedin.com\\\/company\\\/18897844\"]},{\"@type\":\"Person\",\"@id\":\"https:\\\/\\\/michelcremerfoundation.eu\\\/#\\\/schema\\\/person\\\/d0dbc6ad085d036876e1422ca751c9cf\",\"name\":\"Carine D'Hamers\",\"image\":{\"@type\":\"ImageObject\",\"inLanguage\":\"fr-FR\",\"@id\":\"https:\\\/\\\/secure.gravatar.com\\\/avatar\\\/8ff20b6fd490fff608405bef9061a187500ae92f901bfcdda80c722936f6deab?s=96&d=mm&r=g\",\"url\":\"https:\\\/\\\/secure.gravatar.com\\\/avatar\\\/8ff20b6fd490fff608405bef9061a187500ae92f901bfcdda80c722936f6deab?s=96&d=mm&r=g\",\"contentUrl\":\"https:\\\/\\\/secure.gravatar.com\\\/avatar\\\/8ff20b6fd490fff608405bef9061a187500ae92f901bfcdda80c722936f6deab?s=96&d=mm&r=g\",\"caption\":\"Carine D'Hamers\"},\"url\":\"https:\\\/\\\/michelcremerfoundation.eu\\\/index.php\\\/author\\\/cdhac\\\/\"}]}<\/script>\n<!-- \/ Yoast SEO plugin. -->","yoast_head_json":{"title":"THE FOUNDATION JOINS THE 10th ANNIVERSARY OF THE BIOMEDICAL SECTOR - Fondation Michel Cremer","robots":{"index":"index","follow":"follow","max-snippet":"max-snippet:-1","max-image-preview":"max-image-preview:large","max-video-preview":"max-video-preview:-1"},"canonical":"https:\/\/michelcremerfoundation.eu\/index.php\/en\/2018\/10\/11\/the-foundation-joins-the-10th-anniversary-of-the-biomedical-sector\/","og_locale":"fr_FR","og_type":"article","og_title":"THE FOUNDATION JOINS THE 10th ANNIVERSARY OF THE BIOMEDICAL SECTOR - Fondation Michel Cremer","og_description":"The Michel Cremer Foundation is associated with the biomedical branch of the Ecole Polytechnique of the ULB to celebrate its 10 years of existence : you are cordially invited\/ invited to the academic session on the occasion of this anniversary on Thursday 11\/10\/2018 at 5 pm.We will be attending this session and hope to have the pleasure of meeting you there.Address: EEBIC, All\u00e9e de la Recherche 12 , Erasmus scientific Park, Anderlecht \u2013 M\u00e9tro ErasmeThis training course was created 10 years ago, in particular on the basis of the research collaboration initiated between the gastroenterology department of the Erasmus Hospital and the Ecole Polytechnique. It will be an opportunity to discover all the partners of the Foundation : the actors of the research and training, the hospital, the researchers,\u00a0their achievements and their projects. Interested ? For the right organization, we ask you to register via the form on the Contact page. register","og_url":"https:\/\/michelcremerfoundation.eu\/index.php\/en\/2018\/10\/11\/the-foundation-joins-the-10th-anniversary-of-the-biomedical-sector\/","og_site_name":"Fondation Michel Cremer","article_publisher":"https:\/\/www.facebook.com\/fondationmichelcremer","article_published_time":"2018-10-11T21:19:49+00:00","article_modified_time":"2021-12-23T20:56:46+00:00","og_image":[{"width":960,"height":920,"url":"https:\/\/michelcremerfoundation.eu\/wp-content\/uploads\/2018\/10\/Specificites_960x920.jpg","type":"image\/jpeg"}],"author":"Carine D'Hamers","twitter_card":"summary_large_image","twitter_misc":{"\u00c9crit par":"Carine D'Hamers","Dur\u00e9e de lecture estim\u00e9e":"1 minute"},"schema":{"@context":"https:\/\/schema.org","@graph":[{"@type":"Article","@id":"https:\/\/michelcremerfoundation.eu\/index.php\/en\/2018\/10\/11\/the-foundation-joins-the-10th-anniversary-of-the-biomedical-sector\/#article","isPartOf":{"@id":"https:\/\/michelcremerfoundation.eu\/index.php\/en\/2018\/10\/11\/the-foundation-joins-the-10th-anniversary-of-the-biomedical-sector\/"},"author":{"name":"Carine D'Hamers","@id":"https:\/\/michelcremerfoundation.eu\/#\/schema\/person\/d0dbc6ad085d036876e1422ca751c9cf"},"headline":"THE FOUNDATION JOINS THE 10th ANNIVERSARY OF THE BIOMEDICAL SECTOR","datePublished":"2018-10-11T21:19:49+00:00","dateModified":"2021-12-23T20:56:46+00:00","mainEntityOfPage":{"@id":"https:\/\/michelcremerfoundation.eu\/index.php\/en\/2018\/10\/11\/the-foundation-joins-the-10th-anniversary-of-the-biomedical-sector\/"},"wordCount":158,"commentCount":0,"publisher":{"@id":"https:\/\/michelcremerfoundation.eu\/#organization"},"image":{"@id":"https:\/\/michelcremerfoundation.eu\/index.php\/en\/2018\/10\/11\/the-foundation-joins-the-10th-anniversary-of-the-biomedical-sector\/#primaryimage"},"thumbnailUrl":"https:\/\/michelcremerfoundation.eu\/wp-content\/uploads\/2018\/10\/Specificites_960x920.jpg","articleSection":["General information"],"inLanguage":"fr-FR","potentialAction":[{"@type":"CommentAction","name":"Comment","target":["https:\/\/michelcremerfoundation.eu\/index.php\/en\/2018\/10\/11\/the-foundation-joins-the-10th-anniversary-of-the-biomedical-sector\/#respond"]}]},{"@type":"WebPage","@id":"https:\/\/michelcremerfoundation.eu\/index.php\/en\/2018\/10\/11\/the-foundation-joins-the-10th-anniversary-of-the-biomedical-sector\/","url":"https:\/\/michelcremerfoundation.eu\/index.php\/en\/2018\/10\/11\/the-foundation-joins-the-10th-anniversary-of-the-biomedical-sector\/","name":"THE FOUNDATION JOINS THE 10th ANNIVERSARY OF THE BIOMEDICAL SECTOR - Fondation Michel Cremer","isPartOf":{"@id":"https:\/\/michelcremerfoundation.eu\/#website"},"primaryImageOfPage":{"@id":"https:\/\/michelcremerfoundation.eu\/index.php\/en\/2018\/10\/11\/the-foundation-joins-the-10th-anniversary-of-the-biomedical-sector\/#primaryimage"},"image":{"@id":"https:\/\/michelcremerfoundation.eu\/index.php\/en\/2018\/10\/11\/the-foundation-joins-the-10th-anniversary-of-the-biomedical-sector\/#primaryimage"},"thumbnailUrl":"https:\/\/michelcremerfoundation.eu\/wp-content\/uploads\/2018\/10\/Specificites_960x920.jpg","datePublished":"2018-10-11T21:19:49+00:00","dateModified":"2021-12-23T20:56:46+00:00","breadcrumb":{"@id":"https:\/\/michelcremerfoundation.eu\/index.php\/en\/2018\/10\/11\/the-foundation-joins-the-10th-anniversary-of-the-biomedical-sector\/#breadcrumb"},"inLanguage":"fr-FR","potentialAction":[{"@type":"ReadAction","target":["https:\/\/michelcremerfoundation.eu\/index.php\/en\/2018\/10\/11\/the-foundation-joins-the-10th-anniversary-of-the-biomedical-sector\/"]}]},{"@type":"ImageObject","inLanguage":"fr-FR","@id":"https:\/\/michelcremerfoundation.eu\/index.php\/en\/2018\/10\/11\/the-foundation-joins-the-10th-anniversary-of-the-biomedical-sector\/#primaryimage","url":"https:\/\/michelcremerfoundation.eu\/wp-content\/uploads\/2018\/10\/Specificites_960x920.jpg","contentUrl":"https:\/\/michelcremerfoundation.eu\/wp-content\/uploads\/2018\/10\/Specificites_960x920.jpg","width":960,"height":920},{"@type":"BreadcrumbList","@id":"https:\/\/michelcremerfoundation.eu\/index.php\/en\/2018\/10\/11\/the-foundation-joins-the-10th-anniversary-of-the-biomedical-sector\/#breadcrumb","itemListElement":[{"@type":"ListItem","position":1,"name":"Accueil","item":"https:\/\/michelcremerfoundation.eu\/"},{"@type":"ListItem","position":2,"name":"THE FOUNDATION JOINS THE 10th ANNIVERSARY OF THE BIOMEDICAL SECTOR"}]},{"@type":"WebSite","@id":"https:\/\/michelcremerfoundation.eu\/#website","url":"https:\/\/michelcremerfoundation.eu\/","name":"Fondation Michel Cremer","description":"Ensemble, vers la m\u00e9decine du futur","publisher":{"@id":"https:\/\/michelcremerfoundation.eu\/#organization"},"potentialAction":[{"@type":"SearchAction","target":{"@type":"EntryPoint","urlTemplate":"https:\/\/michelcremerfoundation.eu\/?s={search_term_string}"},"query-input":{"@type":"PropertyValueSpecification","valueRequired":true,"valueName":"search_term_string"}}],"inLanguage":"fr-FR"},{"@type":"Organization","@id":"https:\/\/michelcremerfoundation.eu\/#organization","name":"Fondation Michel Cremer","url":"https:\/\/michelcremerfoundation.eu\/","logo":{"@type":"ImageObject","inLanguage":"fr-FR","@id":"https:\/\/michelcremerfoundation.eu\/#\/schema\/logo\/image\/","url":"https:\/\/michelcremerfoundation.eu\/wp-content\/uploads\/2018\/03\/Logo-FMC-e1520765525490.jpg","contentUrl":"https:\/\/michelcremerfoundation.eu\/wp-content\/uploads\/2018\/03\/Logo-FMC-e1520765525490.jpg","width":100,"height":66,"caption":"Fondation Michel Cremer"},"image":{"@id":"https:\/\/michelcremerfoundation.eu\/#\/schema\/logo\/image\/"},"sameAs":["https:\/\/www.facebook.com\/fondationmichelcremer","https:\/\/www.linkedin.com\/company\/18897844"]},{"@type":"Person","@id":"https:\/\/michelcremerfoundation.eu\/#\/schema\/person\/d0dbc6ad085d036876e1422ca751c9cf","name":"Carine D'Hamers","image":{"@type":"ImageObject","inLanguage":"fr-FR","@id":"https:\/\/secure.gravatar.com\/avatar\/8ff20b6fd490fff608405bef9061a187500ae92f901bfcdda80c722936f6deab?s=96&d=mm&r=g","url":"https:\/\/secure.gravatar.com\/avatar\/8ff20b6fd490fff608405bef9061a187500ae92f901bfcdda80c722936f6deab?s=96&d=mm&r=g","contentUrl":"https:\/\/secure.gravatar.com\/avatar\/8ff20b6fd490fff608405bef9061a187500ae92f901bfcdda80c722936f6deab?s=96&d=mm&r=g","caption":"Carine D'Hamers"},"url":"https:\/\/michelcremerfoundation.eu\/index.php\/author\/cdhac\/"}]}},"jetpack_featured_media_url":"https:\/\/michelcremerfoundation.eu\/wp-content\/uploads\/2018\/10\/Specificites_960x920.jpg","jetpack_shortlink":"https:\/\/wp.me\/papkNB-17F","jetpack_sharing_enabled":true,"_links":{"self":[{"href":"https:\/\/michelcremerfoundation.eu\/index.php\/wp-json\/wp\/v2\/posts\/4319","targetHints":{"allow":["GET"]}}],"collection":[{"href":"https:\/\/michelcremerfoundation.eu\/index.php\/wp-json\/wp\/v2\/posts"}],"about":[{"href":"https:\/\/michelcremerfoundation.eu\/index.php\/wp-json\/wp\/v2\/types\/post"}],"author":[{"embeddable":true,"href":"https:\/\/michelcremerfoundation.eu\/index.php\/wp-json\/wp\/v2\/users\/8"}],"replies":[{"embeddable":true,"href":"https:\/\/michelcremerfoundation.eu\/index.php\/wp-json\/wp\/v2\/comments?post=4319"}],"version-history":[{"count":8,"href":"https:\/\/michelcremerfoundation.eu\/index.php\/wp-json\/wp\/v2\/posts\/4319\/revisions"}],"predecessor-version":[{"id":4327,"href":"https:\/\/michelcremerfoundation.eu\/index.php\/wp-json\/wp\/v2\/posts\/4319\/revisions\/4327"}],"wp:featuredmedia":[{"embeddable":true,"href":"https:\/\/michelcremerfoundation.eu\/index.php\/wp-json\/wp\/v2\/media\/1128"}],"wp:attachment":[{"href":"https:\/\/michelcremerfoundation.eu\/index.php\/wp-json\/wp\/v2\/media?parent=4319"}],"wp:term":[{"taxonomy":"category","embeddable":true,"href":"https:\/\/michelcremerfoundation.eu\/index.php\/wp-json\/wp\/v2\/categories?post=4319"},{"taxonomy":"post_tag","embeddable":true,"href":"https:\/\/michelcremerfoundation.eu\/index.php\/wp-json\/wp\/v2\/tags?post=4319"}],"curies":[{"name":"wp","href":"https:\/\/api.w.org\/{rel}","templated":true}]}}