{"id":1568,"date":"2019-02-27T18:03:09","date_gmt":"2019-02-27T17:03:09","guid":{"rendered":"https:\/\/michelcremerfoundation.eu\/?p=1568"},"modified":"2021-12-22T22:56:57","modified_gmt":"2021-12-22T21:56:57","slug":"tech-it-easy-conferences-thematiques-sur-les-collaborations-entre-medecins-et-ingenieurs-les-lu-11-03-me-3-04-et-me-24-4","status":"publish","type":"post","link":"https:\/\/michelcremerfoundation.eu\/index.php\/2019\/02\/27\/tech-it-easy-conferences-thematiques-sur-les-collaborations-entre-medecins-et-ingenieurs-les-lu-11-03-me-3-04-et-me-24-4\/","title":{"rendered":"Tech it easy &#8211; conf\u00e9rences th\u00e9matiques sur les collaborations entre m\u00e9decins et ing\u00e9nieurs les lu 11\/03, me 3\/04 et me 24\/4"},"content":{"rendered":"\t\t<div data-elementor-type=\"wp-post\" data-elementor-id=\"1568\" class=\"elementor elementor-1568 elementor-bc-flex-widget\">\n\t\t\t\t\t\t<section class=\"elementor-section elementor-top-section elementor-element elementor-element-a864f47 elementor-section-boxed elementor-section-height-default elementor-section-height-default\" data-id=\"a864f47\" data-element_type=\"section\" data-e-type=\"section\">\n\t\t\t\t\t\t<div class=\"elementor-container elementor-column-gap-default\">\n\t\t\t\t\t<div class=\"elementor-column elementor-col-100 elementor-top-column elementor-element elementor-element-981f6ce\" data-id=\"981f6ce\" data-element_type=\"column\" data-e-type=\"column\">\n\t\t\t<div class=\"elementor-widget-wrap elementor-element-populated\">\n\t\t\t\t\t\t<section class=\"elementor-section elementor-inner-section elementor-element elementor-element-84cb8c3 elementor-section-boxed elementor-section-height-default elementor-section-height-default\" data-id=\"84cb8c3\" data-element_type=\"section\" data-e-type=\"section\">\n\t\t\t\t\t\t<div class=\"elementor-container elementor-column-gap-default\">\n\t\t\t\t\t<div class=\"elementor-column elementor-col-50 elementor-inner-column elementor-element elementor-element-a04683a\" data-id=\"a04683a\" data-element_type=\"column\" data-e-type=\"column\">\n\t\t\t<div class=\"elementor-widget-wrap elementor-element-populated\">\n\t\t\t\t\t\t<div class=\"elementor-element elementor-element-e4d1b7a elementor-widget elementor-widget-image\" data-id=\"e4d1b7a\" data-element_type=\"widget\" data-e-type=\"widget\" data-widget_type=\"image.default\">\n\t\t\t\t<div class=\"elementor-widget-container\">\n\t\t\t\t\t\t\t\t\t\t\t\t\t\t\t<img decoding=\"async\" src=\"https:\/\/michelcremerfoundation.eu\/wp-content\/uploads\/2019\/02\/Photo-Met-tech-it-easy-2019-03-11-.jpg\" title=\"Photo -Met tech it easy-2019-03-11-\" alt=\"Photo -Met tech it easy-2019-03-11-\" loading=\"lazy\" \/>\t\t\t\t\t\t\t\t\t\t\t\t\t\t\t<\/div>\n\t\t\t\t<\/div>\n\t\t\t\t\t<\/div>\n\t\t<\/div>\n\t\t\t\t<div class=\"elementor-column elementor-col-50 elementor-inner-column elementor-element elementor-element-6cec649\" data-id=\"6cec649\" data-element_type=\"column\" data-e-type=\"column\">\n\t\t\t<div class=\"elementor-widget-wrap elementor-element-populated\">\n\t\t\t\t\t\t<div class=\"elementor-element elementor-element-fbd9e5c elementor-widget elementor-widget-text-editor\" data-id=\"fbd9e5c\" data-element_type=\"widget\" data-e-type=\"widget\" data-widget_type=\"text-editor.default\">\n\t\t\t\t<div class=\"elementor-widget-container\">\n\t\t\t\t\t\t\t\t\t<h3>Bonjour \u00e0 toutes et \u00e0 tous,<\/h3><p>Je me permets d\u2019attirer votre attention sur le prochain cycle de conf\u00e9rences, organis\u00e9 par les Alumni de l\u2019Ecole Polytechnique de l\u2019ULB.\u00a0<span style=\"letter-spacing: 0px;\">Ce cycle abordera trois aspects sp\u00e9cifiques, en soir\u00e9e et \u00e0 l\u2019ULB, le 11 mars (recherches entre m\u00e9decins et ing\u00e9nieurs \u00e0 l\u2019universit\u00e9), le 3 avril (spin-off medtech) et le 24 avril (aspects \u00e9thiques).<\/span><\/p><p>Si vous \u00eates int\u00e9ress\u00e9.e.s, n\u2019h\u00e9sitez pas \u00e0 vous inscrire \u00e0 une ou plusieurs conf\u00e9rences (d\u00e9tails et infos pratiques, ci-dessous).<\/p><p><strong style=\"letter-spacing: 0px;\"><a href=\"https:\/\/tech-it-to-life.eventbrite.fr\">LIEN POUR INSCRIPTION<\/a><\/strong><\/p><p>Au plaisir de vous y retrouver<\/p><p>C\u00e9cile<\/p><p><em>Inscription obligatoire &#8211; gratuit pour les \u00e9tudiants &amp; membres EPB &#8211;\u00a0non-membre : 10\u20ac\u00a0<\/em><\/p>\t\t\t\t\t\t\t\t<\/div>\n\t\t\t\t<\/div>\n\t\t\t\t\t<\/div>\n\t\t<\/div>\n\t\t\t\t\t<\/div>\n\t\t<\/section>\n\t\t\t\t\t<\/div>\n\t\t<\/div>\n\t\t\t\t\t<\/div>\n\t\t<\/section>\n\t\t\t\t<section class=\"elementor-section elementor-top-section elementor-element elementor-element-40af6740 elementor-section-boxed elementor-section-height-default elementor-section-height-default\" data-id=\"40af6740\" data-element_type=\"section\" data-e-type=\"section\">\n\t\t\t\t\t\t<div class=\"elementor-container elementor-column-gap-default\">\n\t\t\t\t\t<div class=\"elementor-column elementor-col-100 elementor-top-column elementor-element elementor-element-cefa168\" data-id=\"cefa168\" data-element_type=\"column\" data-e-type=\"column\">\n\t\t\t<div class=\"elementor-widget-wrap elementor-element-populated\">\n\t\t\t\t\t\t<div class=\"elementor-element elementor-element-466a7fa elementor-widget elementor-widget-text-editor\" data-id=\"466a7fa\" data-element_type=\"widget\" data-e-type=\"widget\" data-widget_type=\"text-editor.default\">\n\t\t\t\t<div class=\"elementor-widget-container\">\n\t\t\t\t\t\t\t\t\t<h3 style=\"font-weight: 400;\">Le 11 mars 2019\u00a0 &#8211; 19h00 :\u00a0Quelles \u00e9quipes pour les\u00a0dispositifs\u00a0de demain?<\/h3><h4 style=\"font-weight: 400;\"><em><b><strong>Jacques Devi\u00e8re, Bernardo Innocenti, Antoine Nonclercq<\/strong><\/b><\/em><\/h4><p style=\"font-weight: 400;\">Depuis quelques d\u00e9cennies, l\u2019\u00e9volution de la technologie m\u00e9dicale va en s\u2019acc\u00e9l\u00e9rant. Les nouveaux dispositifs m\u00e9dicaux sont de plus en plus complexes \u00e0 concevoir. Face aux g\u00e9ants de l\u2019industrie, l\u2019universit\u00e9 peut-elle encore rester dans la course? Trois universitaires impliqu\u00e9s dans la recherche biom\u00e9dicale montrent trois exemples de collaboration entre Dr et Ir menant \u00e0 des r\u00e9alisations bien concr\u00e8tes en endoscopie th\u00e9rapeutique, orthop\u00e9die et neurostimulation.<\/p><h5 style=\"font-weight: 400;\"><b><strong>Bernardo Innocenti<\/strong><\/b>\u00a0is Professor of Biomechanics at \u00c9cole polytechnique de Bruxelles, l\u2019ULB.<\/h5><p style=\"font-weight: 400;\">Founder and ex-President of the CAOS Belgium, Society for Computer-Assisted Orthopaedic Surgery, member of the European Knee Society, his main research is on orthopaedic biomechanics, in particular on knee prosthesis.<\/p><h5 style=\"font-weight: 400;\"><b><strong>Antoine Nonclercq<\/strong><\/b>\u00a0est charg\u00e9 de cours \u00e0 l&rsquo;\u00c9cole polytechnique de Bruxelles de l\u2019ULB. Il a pr\u00e9sid\u00e9 le master en ing\u00e9nierie biom\u00e9dicale ces quatre derni\u00e8res ann\u00e9es. Ses recherches portent sur l\u2019\u00e9lectronique biom\u00e9dicale et en particulier sur la neurostimulation.<\/h5><h5 style=\"font-weight: 400;\"><b><strong>Jacques Devi\u00e8re<\/strong><\/b>\u00a0est chef du service de gastro-ent\u00e9rologie, d&rsquo;h\u00e9patopancr\u00e9atologie et d&rsquo;oncologie digestive aux Cliniques Universitaires de Bruxelles (\u00c9rasme) en 1998 et professeur ordinaire clinique \u00e0 l&rsquo;ULB.<\/h5><h3 style=\"font-weight: 400;\">Le 3 avril 2019 &#8211;\u00a019h00\u00a0:\u00a0R\u00e9ussir sur le march\u00e9 de la technologie m\u00e9dicale<\/h3><h4 style=\"font-weight: 400;\"><em><b><strong>Pascal Doguet<\/strong><\/b><\/em><\/h4><p style=\"font-weight: 400;\">Si la technologie m\u00e9dicale est en plein boom, cr\u00e9er de toute pi\u00e8ce une entreprise fructueuse dans ce domaine reste un d\u00e9fi. Cofond\u00e9e par Pascal Doguet en 2013, Synergia Medical peut d\u00e8s \u00e0 pr\u00e9sent se targuer de d\u00e9velopper et vendre des neurostimulateurs de derni\u00e8re g\u00e9n\u00e9ration. Mais comment a-t-il fait pour en arriver l\u00e0?<\/p><h5 style=\"font-weight: 400;\"><b><strong>Pascal Doguet<\/strong><\/b>\u00a0est le cofondateur de la soci\u00e9t\u00e9 Synergia Medical, o\u00f9 il d\u00e9veloppe des dispositifs m\u00e9dicaux \u00e0 la pointe de la technologie, notamment un neurostimulateur implantable.<\/h5><h3 style=\"font-weight: 400;\">Le 24 avril 2019 &#8211; 19h00 :\u00a0La technologie m\u00e9dicale nous affranchira-t-elle des limitations humaines ?<\/h3><h4 style=\"font-weight: 400;\"><em><b><strong>Jean-Noel Missa<\/strong><\/b><\/em><\/h4><p style=\"font-weight: 400;\">La dilution des fronti\u00e8res entre m\u00e9decine th\u00e9rapeutique classique et m\u00e9decine d\u2019am\u00e9lioration constitue une des caract\u00e9ristiques principales de la biom\u00e9decine du XXIe si\u00e8cle. La volont\u00e9 des transhumanistes de modifier l\u2019homme a \u00e9videmment suscit\u00e9 des d\u00e9bats \u00e9thiques et philosophiques anim\u00e9s. L\u2019actualit\u00e9 nous force \u00e0 clarifier nos positions.<\/p><h5 style=\"font-weight: 400;\"><b><strong>Jean-No\u00ebl Missa<\/strong><\/b>\u00a0est un universitaire belge, docteur en m\u00e9decine et en philosophie. Ses recherches portent sur la philosophie des sciences biom\u00e9dicales (en particulier, dans le domaine des neurosciences et de la psychiatrie biologique) et sur la bio\u00e9thique.<\/h5>\t\t\t\t\t\t\t\t<\/div>\n\t\t\t\t<\/div>\n\t\t\t\t\t<\/div>\n\t\t<\/div>\n\t\t\t\t\t<\/div>\n\t\t<\/section>\n\t\t\t\t<\/div>\n\t\t","protected":false},"excerpt":{"rendered":"<p>Bonjour \u00e0 toutes et \u00e0 tous, Je me permets d\u2019attirer votre attention sur le prochain cycle de conf\u00e9rences, organis\u00e9 par les Alumni de l\u2019Ecole Polytechnique de l\u2019ULB.\u00a0Ce cycle abordera trois aspects sp\u00e9cifiques, en soir\u00e9e et \u00e0 l\u2019ULB, le 11 mars (recherches entre m\u00e9decins et ing\u00e9nieurs \u00e0 l\u2019universit\u00e9), le 3 avril (spin-off medtech) et le 24 avril (aspects \u00e9thiques). Si vous \u00eates int\u00e9ress\u00e9.e.s, n\u2019h\u00e9sitez pas \u00e0 vous inscrire \u00e0 une ou plusieurs conf\u00e9rences (d\u00e9tails et infos pratiques, ci-dessous). LIEN POUR INSCRIPTION Au plaisir de vous y retrouver C\u00e9cile Inscription obligatoire &#8211; gratuit pour les \u00e9tudiants &amp; membres EPB &#8211;\u00a0non-membre : 10\u20ac\u00a0 Le 11 mars 2019\u00a0 &#8211; 19h00 :\u00a0Quelles \u00e9quipes pour les\u00a0dispositifs\u00a0de demain? Jacques Devi\u00e8re, Bernardo Innocenti, Antoine Nonclercq Depuis quelques d\u00e9cennies, l\u2019\u00e9volution de la technologie m\u00e9dicale va en s\u2019acc\u00e9l\u00e9rant. Les nouveaux dispositifs m\u00e9dicaux sont de plus en plus complexes \u00e0 concevoir. Face aux g\u00e9ants de l\u2019industrie, l\u2019universit\u00e9 peut-elle encore rester dans la course? Trois universitaires impliqu\u00e9s dans la recherche biom\u00e9dicale montrent trois exemples de collaboration entre Dr et Ir menant \u00e0 des r\u00e9alisations bien concr\u00e8tes en endoscopie th\u00e9rapeutique, orthop\u00e9die et neurostimulation. Bernardo Innocenti\u00a0is Professor of Biomechanics at \u00c9cole polytechnique de Bruxelles, l\u2019ULB. Founder and ex-President of the CAOS Belgium, Society for Computer-Assisted Orthopaedic Surgery, member of the European Knee Society, his main research is on orthopaedic biomechanics, in particular on knee [&hellip;]<\/p>\n","protected":false},"author":2,"featured_media":1560,"comment_status":"open","ping_status":"open","sticky":false,"template":"","format":"standard","meta":{"give_campaign_id":0,"_jetpack_memberships_contains_paid_content":false,"footnotes":""},"categories":[372],"tags":[],"class_list":["post-1568","post","type-post","status-publish","format-standard","has-post-thumbnail","hentry","category-scientifique"],"yoast_head":"<!-- This site is optimized with the Yoast SEO plugin v27.5 - https:\/\/yoast.com\/product\/yoast-seo-wordpress\/ -->\n<title>Tech it easy - conf\u00e9rences th\u00e9matiques sur les collaborations entre m\u00e9decins et ing\u00e9nieurs les lu 11\/03, me 3\/04 et me 24\/4 - Fondation Michel Cremer<\/title>\n<meta name=\"robots\" content=\"index, follow, max-snippet:-1, max-image-preview:large, max-video-preview:-1\" \/>\n<link rel=\"canonical\" href=\"https:\/\/michelcremerfoundation.eu\/index.php\/2019\/02\/27\/tech-it-easy-conferences-thematiques-sur-les-collaborations-entre-medecins-et-ingenieurs-les-lu-11-03-me-3-04-et-me-24-4\/\" \/>\n<meta property=\"og:locale\" content=\"fr_FR\" \/>\n<meta property=\"og:type\" content=\"article\" \/>\n<meta property=\"og:title\" content=\"Tech it easy - conf\u00e9rences th\u00e9matiques sur les collaborations entre m\u00e9decins et ing\u00e9nieurs les lu 11\/03, me 3\/04 et me 24\/4 - Fondation Michel Cremer\" \/>\n<meta property=\"og:description\" content=\"Bonjour \u00e0 toutes et \u00e0 tous, Je me permets d\u2019attirer votre attention sur le prochain cycle de conf\u00e9rences, organis\u00e9 par les Alumni de l\u2019Ecole Polytechnique de l\u2019ULB.\u00a0Ce cycle abordera trois aspects sp\u00e9cifiques, en soir\u00e9e et \u00e0 l\u2019ULB, le 11 mars (recherches entre m\u00e9decins et ing\u00e9nieurs \u00e0 l\u2019universit\u00e9), le 3 avril (spin-off medtech) et le 24 avril (aspects \u00e9thiques). Si vous \u00eates int\u00e9ress\u00e9.e.s, n\u2019h\u00e9sitez pas \u00e0 vous inscrire \u00e0 une ou plusieurs conf\u00e9rences (d\u00e9tails et infos pratiques, ci-dessous). LIEN POUR INSCRIPTION Au plaisir de vous y retrouver C\u00e9cile Inscription obligatoire &#8211; gratuit pour les \u00e9tudiants &amp; membres EPB &#8211;\u00a0non-membre : 10\u20ac\u00a0 Le 11 mars 2019\u00a0 &#8211; 19h00 :\u00a0Quelles \u00e9quipes pour les\u00a0dispositifs\u00a0de demain? Jacques Devi\u00e8re, Bernardo Innocenti, Antoine Nonclercq Depuis quelques d\u00e9cennies, l\u2019\u00e9volution de la technologie m\u00e9dicale va en s\u2019acc\u00e9l\u00e9rant. Les nouveaux dispositifs m\u00e9dicaux sont de plus en plus complexes \u00e0 concevoir. Face aux g\u00e9ants de l\u2019industrie, l\u2019universit\u00e9 peut-elle encore rester dans la course? Trois universitaires impliqu\u00e9s dans la recherche biom\u00e9dicale montrent trois exemples de collaboration entre Dr et Ir menant \u00e0 des r\u00e9alisations bien concr\u00e8tes en endoscopie th\u00e9rapeutique, orthop\u00e9die et neurostimulation. Bernardo Innocenti\u00a0is Professor of Biomechanics at \u00c9cole polytechnique de Bruxelles, l\u2019ULB. Founder and ex-President of the CAOS Belgium, Society for Computer-Assisted Orthopaedic Surgery, member of the European Knee Society, his main research is on orthopaedic biomechanics, in particular on knee [&hellip;]\" \/>\n<meta property=\"og:url\" content=\"https:\/\/michelcremerfoundation.eu\/index.php\/2019\/02\/27\/tech-it-easy-conferences-thematiques-sur-les-collaborations-entre-medecins-et-ingenieurs-les-lu-11-03-me-3-04-et-me-24-4\/\" \/>\n<meta property=\"og:site_name\" content=\"Fondation Michel Cremer\" \/>\n<meta property=\"article:publisher\" content=\"https:\/\/www.facebook.com\/fondationmichelcremer\" \/>\n<meta property=\"article:published_time\" content=\"2019-02-27T17:03:09+00:00\" \/>\n<meta property=\"article:modified_time\" content=\"2021-12-22T21:56:57+00:00\" \/>\n<meta property=\"og:image\" content=\"https:\/\/michelcremerfoundation.eu\/wp-content\/uploads\/2019\/02\/Photo-Met-tech-it-easy-2019-03-11-.jpg\" \/>\n\t<meta property=\"og:image:width\" content=\"1094\" \/>\n\t<meta property=\"og:image:height\" content=\"1102\" \/>\n\t<meta property=\"og:image:type\" content=\"image\/jpeg\" \/>\n<meta name=\"author\" content=\"C\u00e9cile Sztalberg\" \/>\n<meta name=\"twitter:card\" content=\"summary_large_image\" \/>\n<meta name=\"twitter:label1\" content=\"\u00c9crit par\" \/>\n\t<meta name=\"twitter:data1\" content=\"C\u00e9cile Sztalberg\" \/>\n\t<meta name=\"twitter:label2\" content=\"Dur\u00e9e de lecture estim\u00e9e\" \/>\n\t<meta name=\"twitter:data2\" content=\"3 minutes\" \/>\n<script type=\"application\/ld+json\" class=\"yoast-schema-graph\">{\"@context\":\"https:\\\/\\\/schema.org\",\"@graph\":[{\"@type\":\"Article\",\"@id\":\"https:\\\/\\\/michelcremerfoundation.eu\\\/index.php\\\/2019\\\/02\\\/27\\\/tech-it-easy-conferences-thematiques-sur-les-collaborations-entre-medecins-et-ingenieurs-les-lu-11-03-me-3-04-et-me-24-4\\\/#article\",\"isPartOf\":{\"@id\":\"https:\\\/\\\/michelcremerfoundation.eu\\\/index.php\\\/2019\\\/02\\\/27\\\/tech-it-easy-conferences-thematiques-sur-les-collaborations-entre-medecins-et-ingenieurs-les-lu-11-03-me-3-04-et-me-24-4\\\/\"},\"author\":{\"name\":\"C\u00e9cile Sztalberg\",\"@id\":\"https:\\\/\\\/michelcremerfoundation.eu\\\/#\\\/schema\\\/person\\\/dbc78bafa5902e44b849bbe5219a905e\"},\"headline\":\"Tech it easy &#8211; conf\u00e9rences th\u00e9matiques sur les collaborations entre m\u00e9decins et ing\u00e9nieurs les lu 11\\\/03, me 3\\\/04 et me 24\\\/4\",\"datePublished\":\"2019-02-27T17:03:09+00:00\",\"dateModified\":\"2021-12-22T21:56:57+00:00\",\"mainEntityOfPage\":{\"@id\":\"https:\\\/\\\/michelcremerfoundation.eu\\\/index.php\\\/2019\\\/02\\\/27\\\/tech-it-easy-conferences-thematiques-sur-les-collaborations-entre-medecins-et-ingenieurs-les-lu-11-03-me-3-04-et-me-24-4\\\/\"},\"wordCount\":560,\"commentCount\":0,\"publisher\":{\"@id\":\"https:\\\/\\\/michelcremerfoundation.eu\\\/#organization\"},\"image\":{\"@id\":\"https:\\\/\\\/michelcremerfoundation.eu\\\/index.php\\\/2019\\\/02\\\/27\\\/tech-it-easy-conferences-thematiques-sur-les-collaborations-entre-medecins-et-ingenieurs-les-lu-11-03-me-3-04-et-me-24-4\\\/#primaryimage\"},\"thumbnailUrl\":\"https:\\\/\\\/michelcremerfoundation.eu\\\/wp-content\\\/uploads\\\/2019\\\/02\\\/Photo-Met-tech-it-easy-2019-03-11-.jpg\",\"articleSection\":[\"Infos scientifiques\"],\"inLanguage\":\"fr-FR\",\"potentialAction\":[{\"@type\":\"CommentAction\",\"name\":\"Comment\",\"target\":[\"https:\\\/\\\/michelcremerfoundation.eu\\\/index.php\\\/2019\\\/02\\\/27\\\/tech-it-easy-conferences-thematiques-sur-les-collaborations-entre-medecins-et-ingenieurs-les-lu-11-03-me-3-04-et-me-24-4\\\/#respond\"]}]},{\"@type\":\"WebPage\",\"@id\":\"https:\\\/\\\/michelcremerfoundation.eu\\\/index.php\\\/2019\\\/02\\\/27\\\/tech-it-easy-conferences-thematiques-sur-les-collaborations-entre-medecins-et-ingenieurs-les-lu-11-03-me-3-04-et-me-24-4\\\/\",\"url\":\"https:\\\/\\\/michelcremerfoundation.eu\\\/index.php\\\/2019\\\/02\\\/27\\\/tech-it-easy-conferences-thematiques-sur-les-collaborations-entre-medecins-et-ingenieurs-les-lu-11-03-me-3-04-et-me-24-4\\\/\",\"name\":\"Tech it easy - conf\u00e9rences th\u00e9matiques sur les collaborations entre m\u00e9decins et ing\u00e9nieurs les lu 11\\\/03, me 3\\\/04 et me 24\\\/4 - Fondation Michel Cremer\",\"isPartOf\":{\"@id\":\"https:\\\/\\\/michelcremerfoundation.eu\\\/#website\"},\"primaryImageOfPage\":{\"@id\":\"https:\\\/\\\/michelcremerfoundation.eu\\\/index.php\\\/2019\\\/02\\\/27\\\/tech-it-easy-conferences-thematiques-sur-les-collaborations-entre-medecins-et-ingenieurs-les-lu-11-03-me-3-04-et-me-24-4\\\/#primaryimage\"},\"image\":{\"@id\":\"https:\\\/\\\/michelcremerfoundation.eu\\\/index.php\\\/2019\\\/02\\\/27\\\/tech-it-easy-conferences-thematiques-sur-les-collaborations-entre-medecins-et-ingenieurs-les-lu-11-03-me-3-04-et-me-24-4\\\/#primaryimage\"},\"thumbnailUrl\":\"https:\\\/\\\/michelcremerfoundation.eu\\\/wp-content\\\/uploads\\\/2019\\\/02\\\/Photo-Met-tech-it-easy-2019-03-11-.jpg\",\"datePublished\":\"2019-02-27T17:03:09+00:00\",\"dateModified\":\"2021-12-22T21:56:57+00:00\",\"breadcrumb\":{\"@id\":\"https:\\\/\\\/michelcremerfoundation.eu\\\/index.php\\\/2019\\\/02\\\/27\\\/tech-it-easy-conferences-thematiques-sur-les-collaborations-entre-medecins-et-ingenieurs-les-lu-11-03-me-3-04-et-me-24-4\\\/#breadcrumb\"},\"inLanguage\":\"fr-FR\",\"potentialAction\":[{\"@type\":\"ReadAction\",\"target\":[\"https:\\\/\\\/michelcremerfoundation.eu\\\/index.php\\\/2019\\\/02\\\/27\\\/tech-it-easy-conferences-thematiques-sur-les-collaborations-entre-medecins-et-ingenieurs-les-lu-11-03-me-3-04-et-me-24-4\\\/\"]}]},{\"@type\":\"ImageObject\",\"inLanguage\":\"fr-FR\",\"@id\":\"https:\\\/\\\/michelcremerfoundation.eu\\\/index.php\\\/2019\\\/02\\\/27\\\/tech-it-easy-conferences-thematiques-sur-les-collaborations-entre-medecins-et-ingenieurs-les-lu-11-03-me-3-04-et-me-24-4\\\/#primaryimage\",\"url\":\"https:\\\/\\\/michelcremerfoundation.eu\\\/wp-content\\\/uploads\\\/2019\\\/02\\\/Photo-Met-tech-it-easy-2019-03-11-.jpg\",\"contentUrl\":\"https:\\\/\\\/michelcremerfoundation.eu\\\/wp-content\\\/uploads\\\/2019\\\/02\\\/Photo-Met-tech-it-easy-2019-03-11-.jpg\",\"width\":1094,\"height\":1102},{\"@type\":\"BreadcrumbList\",\"@id\":\"https:\\\/\\\/michelcremerfoundation.eu\\\/index.php\\\/2019\\\/02\\\/27\\\/tech-it-easy-conferences-thematiques-sur-les-collaborations-entre-medecins-et-ingenieurs-les-lu-11-03-me-3-04-et-me-24-4\\\/#breadcrumb\",\"itemListElement\":[{\"@type\":\"ListItem\",\"position\":1,\"name\":\"Accueil\",\"item\":\"https:\\\/\\\/michelcremerfoundation.eu\\\/\"},{\"@type\":\"ListItem\",\"position\":2,\"name\":\"Tech it easy &#8211; conf\u00e9rences th\u00e9matiques sur les collaborations entre m\u00e9decins et ing\u00e9nieurs les lu 11\\\/03, me 3\\\/04 et me 24\\\/4\"}]},{\"@type\":\"WebSite\",\"@id\":\"https:\\\/\\\/michelcremerfoundation.eu\\\/#website\",\"url\":\"https:\\\/\\\/michelcremerfoundation.eu\\\/\",\"name\":\"Fondation Michel Cremer\",\"description\":\"Ensemble, vers la m\u00e9decine du futur\",\"publisher\":{\"@id\":\"https:\\\/\\\/michelcremerfoundation.eu\\\/#organization\"},\"potentialAction\":[{\"@type\":\"SearchAction\",\"target\":{\"@type\":\"EntryPoint\",\"urlTemplate\":\"https:\\\/\\\/michelcremerfoundation.eu\\\/?s={search_term_string}\"},\"query-input\":{\"@type\":\"PropertyValueSpecification\",\"valueRequired\":true,\"valueName\":\"search_term_string\"}}],\"inLanguage\":\"fr-FR\"},{\"@type\":\"Organization\",\"@id\":\"https:\\\/\\\/michelcremerfoundation.eu\\\/#organization\",\"name\":\"Fondation Michel Cremer\",\"url\":\"https:\\\/\\\/michelcremerfoundation.eu\\\/\",\"logo\":{\"@type\":\"ImageObject\",\"inLanguage\":\"fr-FR\",\"@id\":\"https:\\\/\\\/michelcremerfoundation.eu\\\/#\\\/schema\\\/logo\\\/image\\\/\",\"url\":\"https:\\\/\\\/michelcremerfoundation.eu\\\/wp-content\\\/uploads\\\/2018\\\/03\\\/Logo-FMC-e1520765525490.jpg\",\"contentUrl\":\"https:\\\/\\\/michelcremerfoundation.eu\\\/wp-content\\\/uploads\\\/2018\\\/03\\\/Logo-FMC-e1520765525490.jpg\",\"width\":100,\"height\":66,\"caption\":\"Fondation Michel Cremer\"},\"image\":{\"@id\":\"https:\\\/\\\/michelcremerfoundation.eu\\\/#\\\/schema\\\/logo\\\/image\\\/\"},\"sameAs\":[\"https:\\\/\\\/www.facebook.com\\\/fondationmichelcremer\",\"https:\\\/\\\/www.linkedin.com\\\/company\\\/18897844\"]},{\"@type\":\"Person\",\"@id\":\"https:\\\/\\\/michelcremerfoundation.eu\\\/#\\\/schema\\\/person\\\/dbc78bafa5902e44b849bbe5219a905e\",\"name\":\"C\u00e9cile Sztalberg\",\"image\":{\"@type\":\"ImageObject\",\"inLanguage\":\"fr-FR\",\"@id\":\"https:\\\/\\\/secure.gravatar.com\\\/avatar\\\/58a24f6795780ccee905683d2e01fb8c32e79ec47ec0a6e65caba76dc9388e29?s=96&d=mm&r=g\",\"url\":\"https:\\\/\\\/secure.gravatar.com\\\/avatar\\\/58a24f6795780ccee905683d2e01fb8c32e79ec47ec0a6e65caba76dc9388e29?s=96&d=mm&r=g\",\"contentUrl\":\"https:\\\/\\\/secure.gravatar.com\\\/avatar\\\/58a24f6795780ccee905683d2e01fb8c32e79ec47ec0a6e65caba76dc9388e29?s=96&d=mm&r=g\",\"caption\":\"C\u00e9cile Sztalberg\"},\"url\":\"https:\\\/\\\/michelcremerfoundation.eu\\\/index.php\\\/author\\\/cecile\\\/\"}]}<\/script>\n<!-- \/ Yoast SEO plugin. -->","yoast_head_json":{"title":"Tech it easy - conf\u00e9rences th\u00e9matiques sur les collaborations entre m\u00e9decins et ing\u00e9nieurs les lu 11\/03, me 3\/04 et me 24\/4 - Fondation Michel Cremer","robots":{"index":"index","follow":"follow","max-snippet":"max-snippet:-1","max-image-preview":"max-image-preview:large","max-video-preview":"max-video-preview:-1"},"canonical":"https:\/\/michelcremerfoundation.eu\/index.php\/2019\/02\/27\/tech-it-easy-conferences-thematiques-sur-les-collaborations-entre-medecins-et-ingenieurs-les-lu-11-03-me-3-04-et-me-24-4\/","og_locale":"fr_FR","og_type":"article","og_title":"Tech it easy - conf\u00e9rences th\u00e9matiques sur les collaborations entre m\u00e9decins et ing\u00e9nieurs les lu 11\/03, me 3\/04 et me 24\/4 - Fondation Michel Cremer","og_description":"Bonjour \u00e0 toutes et \u00e0 tous, Je me permets d\u2019attirer votre attention sur le prochain cycle de conf\u00e9rences, organis\u00e9 par les Alumni de l\u2019Ecole Polytechnique de l\u2019ULB.\u00a0Ce cycle abordera trois aspects sp\u00e9cifiques, en soir\u00e9e et \u00e0 l\u2019ULB, le 11 mars (recherches entre m\u00e9decins et ing\u00e9nieurs \u00e0 l\u2019universit\u00e9), le 3 avril (spin-off medtech) et le 24 avril (aspects \u00e9thiques). Si vous \u00eates int\u00e9ress\u00e9.e.s, n\u2019h\u00e9sitez pas \u00e0 vous inscrire \u00e0 une ou plusieurs conf\u00e9rences (d\u00e9tails et infos pratiques, ci-dessous). LIEN POUR INSCRIPTION Au plaisir de vous y retrouver C\u00e9cile Inscription obligatoire &#8211; gratuit pour les \u00e9tudiants &amp; membres EPB &#8211;\u00a0non-membre : 10\u20ac\u00a0 Le 11 mars 2019\u00a0 &#8211; 19h00 :\u00a0Quelles \u00e9quipes pour les\u00a0dispositifs\u00a0de demain? Jacques Devi\u00e8re, Bernardo Innocenti, Antoine Nonclercq Depuis quelques d\u00e9cennies, l\u2019\u00e9volution de la technologie m\u00e9dicale va en s\u2019acc\u00e9l\u00e9rant. Les nouveaux dispositifs m\u00e9dicaux sont de plus en plus complexes \u00e0 concevoir. Face aux g\u00e9ants de l\u2019industrie, l\u2019universit\u00e9 peut-elle encore rester dans la course? Trois universitaires impliqu\u00e9s dans la recherche biom\u00e9dicale montrent trois exemples de collaboration entre Dr et Ir menant \u00e0 des r\u00e9alisations bien concr\u00e8tes en endoscopie th\u00e9rapeutique, orthop\u00e9die et neurostimulation. Bernardo Innocenti\u00a0is Professor of Biomechanics at \u00c9cole polytechnique de Bruxelles, l\u2019ULB. Founder and ex-President of the CAOS Belgium, Society for Computer-Assisted Orthopaedic Surgery, member of the European Knee Society, his main research is on orthopaedic biomechanics, in particular on knee [&hellip;]","og_url":"https:\/\/michelcremerfoundation.eu\/index.php\/2019\/02\/27\/tech-it-easy-conferences-thematiques-sur-les-collaborations-entre-medecins-et-ingenieurs-les-lu-11-03-me-3-04-et-me-24-4\/","og_site_name":"Fondation Michel Cremer","article_publisher":"https:\/\/www.facebook.com\/fondationmichelcremer","article_published_time":"2019-02-27T17:03:09+00:00","article_modified_time":"2021-12-22T21:56:57+00:00","og_image":[{"width":1094,"height":1102,"url":"https:\/\/michelcremerfoundation.eu\/wp-content\/uploads\/2019\/02\/Photo-Met-tech-it-easy-2019-03-11-.jpg","type":"image\/jpeg"}],"author":"C\u00e9cile Sztalberg","twitter_card":"summary_large_image","twitter_misc":{"\u00c9crit par":"C\u00e9cile Sztalberg","Dur\u00e9e de lecture estim\u00e9e":"3 minutes"},"schema":{"@context":"https:\/\/schema.org","@graph":[{"@type":"Article","@id":"https:\/\/michelcremerfoundation.eu\/index.php\/2019\/02\/27\/tech-it-easy-conferences-thematiques-sur-les-collaborations-entre-medecins-et-ingenieurs-les-lu-11-03-me-3-04-et-me-24-4\/#article","isPartOf":{"@id":"https:\/\/michelcremerfoundation.eu\/index.php\/2019\/02\/27\/tech-it-easy-conferences-thematiques-sur-les-collaborations-entre-medecins-et-ingenieurs-les-lu-11-03-me-3-04-et-me-24-4\/"},"author":{"name":"C\u00e9cile Sztalberg","@id":"https:\/\/michelcremerfoundation.eu\/#\/schema\/person\/dbc78bafa5902e44b849bbe5219a905e"},"headline":"Tech it easy &#8211; conf\u00e9rences th\u00e9matiques sur les collaborations entre m\u00e9decins et ing\u00e9nieurs les lu 11\/03, me 3\/04 et me 24\/4","datePublished":"2019-02-27T17:03:09+00:00","dateModified":"2021-12-22T21:56:57+00:00","mainEntityOfPage":{"@id":"https:\/\/michelcremerfoundation.eu\/index.php\/2019\/02\/27\/tech-it-easy-conferences-thematiques-sur-les-collaborations-entre-medecins-et-ingenieurs-les-lu-11-03-me-3-04-et-me-24-4\/"},"wordCount":560,"commentCount":0,"publisher":{"@id":"https:\/\/michelcremerfoundation.eu\/#organization"},"image":{"@id":"https:\/\/michelcremerfoundation.eu\/index.php\/2019\/02\/27\/tech-it-easy-conferences-thematiques-sur-les-collaborations-entre-medecins-et-ingenieurs-les-lu-11-03-me-3-04-et-me-24-4\/#primaryimage"},"thumbnailUrl":"https:\/\/michelcremerfoundation.eu\/wp-content\/uploads\/2019\/02\/Photo-Met-tech-it-easy-2019-03-11-.jpg","articleSection":["Infos scientifiques"],"inLanguage":"fr-FR","potentialAction":[{"@type":"CommentAction","name":"Comment","target":["https:\/\/michelcremerfoundation.eu\/index.php\/2019\/02\/27\/tech-it-easy-conferences-thematiques-sur-les-collaborations-entre-medecins-et-ingenieurs-les-lu-11-03-me-3-04-et-me-24-4\/#respond"]}]},{"@type":"WebPage","@id":"https:\/\/michelcremerfoundation.eu\/index.php\/2019\/02\/27\/tech-it-easy-conferences-thematiques-sur-les-collaborations-entre-medecins-et-ingenieurs-les-lu-11-03-me-3-04-et-me-24-4\/","url":"https:\/\/michelcremerfoundation.eu\/index.php\/2019\/02\/27\/tech-it-easy-conferences-thematiques-sur-les-collaborations-entre-medecins-et-ingenieurs-les-lu-11-03-me-3-04-et-me-24-4\/","name":"Tech it easy - conf\u00e9rences th\u00e9matiques sur les collaborations entre m\u00e9decins et ing\u00e9nieurs les lu 11\/03, me 3\/04 et me 24\/4 - Fondation Michel Cremer","isPartOf":{"@id":"https:\/\/michelcremerfoundation.eu\/#website"},"primaryImageOfPage":{"@id":"https:\/\/michelcremerfoundation.eu\/index.php\/2019\/02\/27\/tech-it-easy-conferences-thematiques-sur-les-collaborations-entre-medecins-et-ingenieurs-les-lu-11-03-me-3-04-et-me-24-4\/#primaryimage"},"image":{"@id":"https:\/\/michelcremerfoundation.eu\/index.php\/2019\/02\/27\/tech-it-easy-conferences-thematiques-sur-les-collaborations-entre-medecins-et-ingenieurs-les-lu-11-03-me-3-04-et-me-24-4\/#primaryimage"},"thumbnailUrl":"https:\/\/michelcremerfoundation.eu\/wp-content\/uploads\/2019\/02\/Photo-Met-tech-it-easy-2019-03-11-.jpg","datePublished":"2019-02-27T17:03:09+00:00","dateModified":"2021-12-22T21:56:57+00:00","breadcrumb":{"@id":"https:\/\/michelcremerfoundation.eu\/index.php\/2019\/02\/27\/tech-it-easy-conferences-thematiques-sur-les-collaborations-entre-medecins-et-ingenieurs-les-lu-11-03-me-3-04-et-me-24-4\/#breadcrumb"},"inLanguage":"fr-FR","potentialAction":[{"@type":"ReadAction","target":["https:\/\/michelcremerfoundation.eu\/index.php\/2019\/02\/27\/tech-it-easy-conferences-thematiques-sur-les-collaborations-entre-medecins-et-ingenieurs-les-lu-11-03-me-3-04-et-me-24-4\/"]}]},{"@type":"ImageObject","inLanguage":"fr-FR","@id":"https:\/\/michelcremerfoundation.eu\/index.php\/2019\/02\/27\/tech-it-easy-conferences-thematiques-sur-les-collaborations-entre-medecins-et-ingenieurs-les-lu-11-03-me-3-04-et-me-24-4\/#primaryimage","url":"https:\/\/michelcremerfoundation.eu\/wp-content\/uploads\/2019\/02\/Photo-Met-tech-it-easy-2019-03-11-.jpg","contentUrl":"https:\/\/michelcremerfoundation.eu\/wp-content\/uploads\/2019\/02\/Photo-Met-tech-it-easy-2019-03-11-.jpg","width":1094,"height":1102},{"@type":"BreadcrumbList","@id":"https:\/\/michelcremerfoundation.eu\/index.php\/2019\/02\/27\/tech-it-easy-conferences-thematiques-sur-les-collaborations-entre-medecins-et-ingenieurs-les-lu-11-03-me-3-04-et-me-24-4\/#breadcrumb","itemListElement":[{"@type":"ListItem","position":1,"name":"Accueil","item":"https:\/\/michelcremerfoundation.eu\/"},{"@type":"ListItem","position":2,"name":"Tech it easy &#8211; conf\u00e9rences th\u00e9matiques sur les collaborations entre m\u00e9decins et ing\u00e9nieurs les lu 11\/03, me 3\/04 et me 24\/4"}]},{"@type":"WebSite","@id":"https:\/\/michelcremerfoundation.eu\/#website","url":"https:\/\/michelcremerfoundation.eu\/","name":"Fondation Michel Cremer","description":"Ensemble, vers la m\u00e9decine du futur","publisher":{"@id":"https:\/\/michelcremerfoundation.eu\/#organization"},"potentialAction":[{"@type":"SearchAction","target":{"@type":"EntryPoint","urlTemplate":"https:\/\/michelcremerfoundation.eu\/?s={search_term_string}"},"query-input":{"@type":"PropertyValueSpecification","valueRequired":true,"valueName":"search_term_string"}}],"inLanguage":"fr-FR"},{"@type":"Organization","@id":"https:\/\/michelcremerfoundation.eu\/#organization","name":"Fondation Michel Cremer","url":"https:\/\/michelcremerfoundation.eu\/","logo":{"@type":"ImageObject","inLanguage":"fr-FR","@id":"https:\/\/michelcremerfoundation.eu\/#\/schema\/logo\/image\/","url":"https:\/\/michelcremerfoundation.eu\/wp-content\/uploads\/2018\/03\/Logo-FMC-e1520765525490.jpg","contentUrl":"https:\/\/michelcremerfoundation.eu\/wp-content\/uploads\/2018\/03\/Logo-FMC-e1520765525490.jpg","width":100,"height":66,"caption":"Fondation Michel Cremer"},"image":{"@id":"https:\/\/michelcremerfoundation.eu\/#\/schema\/logo\/image\/"},"sameAs":["https:\/\/www.facebook.com\/fondationmichelcremer","https:\/\/www.linkedin.com\/company\/18897844"]},{"@type":"Person","@id":"https:\/\/michelcremerfoundation.eu\/#\/schema\/person\/dbc78bafa5902e44b849bbe5219a905e","name":"C\u00e9cile Sztalberg","image":{"@type":"ImageObject","inLanguage":"fr-FR","@id":"https:\/\/secure.gravatar.com\/avatar\/58a24f6795780ccee905683d2e01fb8c32e79ec47ec0a6e65caba76dc9388e29?s=96&d=mm&r=g","url":"https:\/\/secure.gravatar.com\/avatar\/58a24f6795780ccee905683d2e01fb8c32e79ec47ec0a6e65caba76dc9388e29?s=96&d=mm&r=g","contentUrl":"https:\/\/secure.gravatar.com\/avatar\/58a24f6795780ccee905683d2e01fb8c32e79ec47ec0a6e65caba76dc9388e29?s=96&d=mm&r=g","caption":"C\u00e9cile Sztalberg"},"url":"https:\/\/michelcremerfoundation.eu\/index.php\/author\/cecile\/"}]}},"jetpack_featured_media_url":"https:\/\/michelcremerfoundation.eu\/wp-content\/uploads\/2019\/02\/Photo-Met-tech-it-easy-2019-03-11-.jpg","jetpack_shortlink":"https:\/\/wp.me\/papkNB-pi","jetpack_sharing_enabled":true,"_links":{"self":[{"href":"https:\/\/michelcremerfoundation.eu\/index.php\/wp-json\/wp\/v2\/posts\/1568","targetHints":{"allow":["GET"]}}],"collection":[{"href":"https:\/\/michelcremerfoundation.eu\/index.php\/wp-json\/wp\/v2\/posts"}],"about":[{"href":"https:\/\/michelcremerfoundation.eu\/index.php\/wp-json\/wp\/v2\/types\/post"}],"author":[{"embeddable":true,"href":"https:\/\/michelcremerfoundation.eu\/index.php\/wp-json\/wp\/v2\/users\/2"}],"replies":[{"embeddable":true,"href":"https:\/\/michelcremerfoundation.eu\/index.php\/wp-json\/wp\/v2\/comments?post=1568"}],"version-history":[{"count":6,"href":"https:\/\/michelcremerfoundation.eu\/index.php\/wp-json\/wp\/v2\/posts\/1568\/revisions"}],"predecessor-version":[{"id":9803,"href":"https:\/\/michelcremerfoundation.eu\/index.php\/wp-json\/wp\/v2\/posts\/1568\/revisions\/9803"}],"wp:featuredmedia":[{"embeddable":true,"href":"https:\/\/michelcremerfoundation.eu\/index.php\/wp-json\/wp\/v2\/media\/1560"}],"wp:attachment":[{"href":"https:\/\/michelcremerfoundation.eu\/index.php\/wp-json\/wp\/v2\/media?parent=1568"}],"wp:term":[{"taxonomy":"category","embeddable":true,"href":"https:\/\/michelcremerfoundation.eu\/index.php\/wp-json\/wp\/v2\/categories?post=1568"},{"taxonomy":"post_tag","embeddable":true,"href":"https:\/\/michelcremerfoundation.eu\/index.php\/wp-json\/wp\/v2\/tags?post=1568"}],"curies":[{"name":"wp","href":"https:\/\/api.w.org\/{rel}","templated":true}]}}