{"id":15006,"date":"2024-12-04T21:06:42","date_gmt":"2024-12-04T20:06:42","guid":{"rendered":"https:\/\/michelcremerfoundation.eu\/?p=15006"},"modified":"2024-12-04T22:52:43","modified_gmt":"2024-12-04T21:52:43","slug":"2024-12-01-souvenirs-de-lexpo-si-le-coeur-vous-en-dit","status":"publish","type":"post","link":"https:\/\/michelcremerfoundation.eu\/index.php\/2024\/12\/04\/2024-12-01-souvenirs-de-lexpo-si-le-coeur-vous-en-dit\/","title":{"rendered":"2024-12-01-Souvenirs de l&rsquo;expo \u00ab\u00a0Si le c\u0153ur vous en dit\u00a0\u00bb"},"content":{"rendered":"\t\t<div data-elementor-type=\"wp-post\" data-elementor-id=\"15006\" class=\"elementor elementor-15006\">\n\t\t\t\t\t\t<section class=\"elementor-section elementor-top-section elementor-element elementor-element-9631422 elementor-section-boxed elementor-section-height-default elementor-section-height-default\" data-id=\"9631422\" data-element_type=\"section\" data-e-type=\"section\">\n\t\t\t\t\t\t<div class=\"elementor-container elementor-column-gap-default\">\n\t\t\t\t\t<div class=\"elementor-column elementor-col-100 elementor-top-column elementor-element elementor-element-b892f1c\" data-id=\"b892f1c\" data-element_type=\"column\" data-e-type=\"column\">\n\t\t\t<div class=\"elementor-widget-wrap elementor-element-populated\">\n\t\t\t\t\t\t<div class=\"elementor-element elementor-element-53aa30f elementor-widget elementor-widget-heading\" data-id=\"53aa30f\" data-element_type=\"widget\" data-e-type=\"widget\" data-widget_type=\"heading.default\">\n\t\t\t\t<div class=\"elementor-widget-container\">\n\t\t\t\t\t<h2 class=\"elementor-heading-title elementor-size-large\">Quelques souvenirs de la visite guid\u00e9e sur les ARTISTES femmes dans la peinture au xxEME SIECLE<\/h2>\t\t\t\t<\/div>\n\t\t\t\t<\/div>\n\t\t\t\t\t<\/div>\n\t\t<\/div>\n\t\t\t\t\t<\/div>\n\t\t<\/section>\n\t\t\t\t<section class=\"elementor-section elementor-top-section elementor-element elementor-element-8ef5f19 elementor-section-boxed elementor-section-height-default elementor-section-height-default\" data-id=\"8ef5f19\" data-element_type=\"section\" data-e-type=\"section\">\n\t\t\t\t\t\t<div class=\"elementor-container elementor-column-gap-default\">\n\t\t\t\t\t<div class=\"elementor-column elementor-col-50 elementor-top-column elementor-element elementor-element-f14d417\" data-id=\"f14d417\" data-element_type=\"column\" data-e-type=\"column\">\n\t\t\t<div class=\"elementor-widget-wrap elementor-element-populated\">\n\t\t\t\t\t\t<div class=\"elementor-element elementor-element-02410af elementor-widget elementor-widget-image\" data-id=\"02410af\" data-element_type=\"widget\" data-e-type=\"widget\" data-widget_type=\"image.default\">\n\t\t\t\t<div class=\"elementor-widget-container\">\n\t\t\t\t\t\t\t\t\t\t\t\t\t\t\t<img fetchpriority=\"high\" decoding=\"async\" width=\"500\" height=\"500\" src=\"https:\/\/michelcremerfoundation.eu\/wp-content\/uploads\/2024\/10\/1-graverol-le-salut-du-demiurge-coll-retelet-500x500.jpg\" class=\"attachment-thumbrelated size-thumbrelated wp-image-13931\" alt=\"\" srcset=\"https:\/\/michelcremerfoundation.eu\/wp-content\/uploads\/2024\/10\/1-graverol-le-salut-du-demiurge-coll-retelet-66x66.jpg 66w, https:\/\/michelcremerfoundation.eu\/wp-content\/uploads\/2024\/10\/1-graverol-le-salut-du-demiurge-coll-retelet-150x150.jpg 150w, https:\/\/michelcremerfoundation.eu\/wp-content\/uploads\/2024\/10\/1-graverol-le-salut-du-demiurge-coll-retelet-300x300.jpg 300w, https:\/\/michelcremerfoundation.eu\/wp-content\/uploads\/2024\/10\/1-graverol-le-salut-du-demiurge-coll-retelet-500x500.jpg 500w\" sizes=\"(max-width: 500px) 100vw, 500px\" \/>\t\t\t\t\t\t\t\t\t\t\t\t\t\t\t<\/div>\n\t\t\t\t<\/div>\n\t\t\t\t\t<\/div>\n\t\t<\/div>\n\t\t\t\t<div class=\"elementor-column elementor-col-50 elementor-top-column elementor-element elementor-element-34eb6d8\" data-id=\"34eb6d8\" data-element_type=\"column\" data-e-type=\"column\" data-settings=\"{&quot;background_background&quot;:&quot;gradient&quot;}\">\n\t\t\t<div class=\"elementor-widget-wrap elementor-element-populated\">\n\t\t\t\t\t\t<div class=\"elementor-element elementor-element-4599c0e elementor-widget elementor-widget-text-editor\" data-id=\"4599c0e\" data-element_type=\"widget\" data-e-type=\"widget\" data-widget_type=\"text-editor.default\">\n\t\t\t\t<div class=\"elementor-widget-container\">\n\t\t\t\t\t\t\t\t\t<p><span style=\"color: #ffffff;\">A travers cette exposition, l\u2019\u00e9quipe du mus\u00e9e des Beaux-Arts souhaite mettre l\u2019accent sur la situation des femmes artistes en Belgique au 20\u00e8me si\u00e8cle.<\/span><\/p><p><span style=\"font-family: var(--mec-paragraph-font-family),sans-serif; font-size: 16px; background-color: transparent; letter-spacing: 0px;\">La sous-repr\u00e9sentation f\u00e9minine dans les arts r\u00e9sulte d\u2019un syst\u00e8me in\u00e9galitaire favorable aux hommes \u00e0 plusieurs niveaux\u00a0; d\u2019abord dans l\u2019\u00e9ducation, ensuite dans l\u2019acc\u00e8s \u00e0 la profession, et enfin dans la visibilit\u00e9 donn\u00e9e par les mus\u00e9es, les galeries, mais aussi les critiques et les historiens.<\/span><\/p><p>Un tout grand merci \u00e0 notre guide Eve Delplanque pour cette belle d\u00e9couverte et \u00e9galement \u00e0 Francq pour les photos souvenirs.<\/p>\t\t\t\t\t\t\t\t<\/div>\n\t\t\t\t<\/div>\n\t\t\t\t\t<\/div>\n\t\t<\/div>\n\t\t\t\t\t<\/div>\n\t\t<\/section>\n\t\t\t\t<section class=\"elementor-section elementor-top-section elementor-element elementor-element-1a85c6a elementor-section-boxed elementor-section-height-default elementor-section-height-default\" data-id=\"1a85c6a\" data-element_type=\"section\" data-e-type=\"section\">\n\t\t\t\t\t\t<div class=\"elementor-container elementor-column-gap-default\">\n\t\t\t\t\t<div class=\"elementor-column elementor-col-100 elementor-top-column elementor-element elementor-element-dcec8e2\" data-id=\"dcec8e2\" data-element_type=\"column\" data-e-type=\"column\">\n\t\t\t<div class=\"elementor-widget-wrap\">\n\t\t\t\t\t\t\t<\/div>\n\t\t<\/div>\n\t\t\t\t\t<\/div>\n\t\t<\/section>\n\t\t\t\t<section class=\"elementor-section elementor-top-section elementor-element elementor-element-ae68e4d elementor-section-boxed elementor-section-height-default elementor-section-height-default\" data-id=\"ae68e4d\" data-element_type=\"section\" data-e-type=\"section\">\n\t\t\t\t\t\t<div class=\"elementor-container elementor-column-gap-default\">\n\t\t\t\t\t<div class=\"elementor-column elementor-col-100 elementor-top-column elementor-element elementor-element-30ffe02\" data-id=\"30ffe02\" data-element_type=\"column\" data-e-type=\"column\">\n\t\t\t<div class=\"elementor-widget-wrap elementor-element-populated\">\n\t\t\t\t\t\t<div class=\"elementor-element elementor-element-8a3b982 elementor-widget-divider--view-line elementor-widget elementor-widget-divider\" data-id=\"8a3b982\" data-element_type=\"widget\" data-e-type=\"widget\" data-widget_type=\"divider.default\">\n\t\t\t\t<div class=\"elementor-widget-container\">\n\t\t\t\t\t\t\t<div class=\"elementor-divider\">\n\t\t\t<span class=\"elementor-divider-separator\">\n\t\t\t\t\t\t<\/span>\n\t\t<\/div>\n\t\t\t\t\t\t<\/div>\n\t\t\t\t<\/div>\n\t\t\t\t<div class=\"elementor-element elementor-element-274c493 elementor-widget elementor-widget-heading\" data-id=\"274c493\" data-element_type=\"widget\" data-e-type=\"widget\" data-widget_type=\"heading.default\">\n\t\t\t\t<div class=\"elementor-widget-container\">\n\t\t\t\t\t<h3 class=\"elementor-heading-title elementor-size-default\">QUELQUES SOUVENIRS<\/h3>\t\t\t\t<\/div>\n\t\t\t\t<\/div>\n\t\t\t\t<div class=\"elementor-element elementor-element-1628d97 elementor-arrows-position-inside elementor-pagination-position-outside elementor-widget elementor-widget-image-carousel\" data-id=\"1628d97\" data-element_type=\"widget\" data-e-type=\"widget\" data-settings=\"{&quot;slides_to_show&quot;:&quot;4&quot;,&quot;slides_to_scroll&quot;:&quot;1&quot;,&quot;navigation&quot;:&quot;both&quot;,&quot;autoplay&quot;:&quot;yes&quot;,&quot;pause_on_hover&quot;:&quot;yes&quot;,&quot;pause_on_interaction&quot;:&quot;yes&quot;,&quot;autoplay_speed&quot;:5000,&quot;infinite&quot;:&quot;yes&quot;,&quot;speed&quot;:500}\" data-widget_type=\"image-carousel.default\">\n\t\t\t\t<div class=\"elementor-widget-container\">\n\t\t\t\t\t\t\t<div class=\"elementor-image-carousel-wrapper swiper\" role=\"region\" aria-roledescription=\"carousel\" aria-label=\"Carrousel d\u2019images\" dir=\"ltr\">\n\t\t\t<div class=\"elementor-image-carousel swiper-wrapper\" aria-live=\"off\">\n\t\t\t\t\t\t\t\t<div class=\"swiper-slide\" role=\"group\" aria-roledescription=\"slide\" aria-label=\"1 sur 7\"><figure class=\"swiper-slide-inner\"><img decoding=\"async\" class=\"swiper-slide-image\" src=\"https:\/\/michelcremerfoundation.eu\/wp-content\/uploads\/2024\/12\/tn_20241201_161700.jpg\" alt=\"tn_20241201_161700\" \/><\/figure><\/div><div class=\"swiper-slide\" role=\"group\" aria-roledescription=\"slide\" aria-label=\"2 sur 7\"><figure class=\"swiper-slide-inner\"><img decoding=\"async\" class=\"swiper-slide-image\" src=\"https:\/\/michelcremerfoundation.eu\/wp-content\/uploads\/2024\/12\/tn_20241201_162528.jpg\" alt=\"tn_20241201_162528\" \/><\/figure><\/div><div class=\"swiper-slide\" role=\"group\" aria-roledescription=\"slide\" aria-label=\"3 sur 7\"><figure class=\"swiper-slide-inner\"><img decoding=\"async\" class=\"swiper-slide-image\" src=\"https:\/\/michelcremerfoundation.eu\/wp-content\/uploads\/2024\/12\/tn_20241201_162510-rotated.jpg\" alt=\"tn_20241201_162510\" \/><\/figure><\/div><div class=\"swiper-slide\" role=\"group\" aria-roledescription=\"slide\" aria-label=\"4 sur 7\"><figure class=\"swiper-slide-inner\"><img decoding=\"async\" class=\"swiper-slide-image\" src=\"https:\/\/michelcremerfoundation.eu\/wp-content\/uploads\/2024\/12\/tn_20241201_162508-rotated.jpg\" alt=\"tn_20241201_162508\" \/><\/figure><\/div><div class=\"swiper-slide\" role=\"group\" aria-roledescription=\"slide\" aria-label=\"5 sur 7\"><figure class=\"swiper-slide-inner\"><img decoding=\"async\" class=\"swiper-slide-image\" src=\"https:\/\/michelcremerfoundation.eu\/wp-content\/uploads\/2024\/12\/tn_20241201_162502-rotated.jpg\" alt=\"tn_20241201_162502\" \/><\/figure><\/div><div class=\"swiper-slide\" role=\"group\" aria-roledescription=\"slide\" aria-label=\"6 sur 7\"><figure class=\"swiper-slide-inner\"><img decoding=\"async\" class=\"swiper-slide-image\" src=\"https:\/\/michelcremerfoundation.eu\/wp-content\/uploads\/2024\/12\/tn_20241201_162346.jpg\" alt=\"tn_20241201_162346\" \/><\/figure><\/div><div class=\"swiper-slide\" role=\"group\" aria-roledescription=\"slide\" aria-label=\"7 sur 7\"><figure class=\"swiper-slide-inner\"><img decoding=\"async\" class=\"swiper-slide-image\" src=\"https:\/\/michelcremerfoundation.eu\/wp-content\/uploads\/2024\/12\/tn_20241201_161543.jpg\" alt=\"tn_20241201_161543\" \/><\/figure><\/div>\t\t\t<\/div>\n\t\t\t\t\t\t\t\t\t\t\t\t<div class=\"elementor-swiper-button elementor-swiper-button-prev\" role=\"button\" tabindex=\"0\">\n\t\t\t\t\t\t<i aria-hidden=\"true\" class=\"eicon-chevron-left\"><\/i>\t\t\t\t\t<\/div>\n\t\t\t\t\t<div class=\"elementor-swiper-button elementor-swiper-button-next\" role=\"button\" tabindex=\"0\">\n\t\t\t\t\t\t<i aria-hidden=\"true\" class=\"eicon-chevron-right\"><\/i>\t\t\t\t\t<\/div>\n\t\t\t\t\n\t\t\t\t\t\t\t\t\t<div class=\"swiper-pagination\"><\/div>\n\t\t\t\t\t\t\t\t\t<\/div>\n\t\t\t\t\t\t<\/div>\n\t\t\t\t<\/div>\n\t\t\t\t\t<\/div>\n\t\t<\/div>\n\t\t\t\t\t<\/div>\n\t\t<\/section>\n\t\t\t\t<section class=\"elementor-section elementor-top-section elementor-element elementor-element-ab0cc48 elementor-section-boxed elementor-section-height-default elementor-section-height-default\" data-id=\"ab0cc48\" data-element_type=\"section\" data-e-type=\"section\">\n\t\t\t\t\t\t<div class=\"elementor-container elementor-column-gap-default\">\n\t\t\t\t\t<div class=\"elementor-column elementor-col-100 elementor-top-column elementor-element elementor-element-6568fe7\" data-id=\"6568fe7\" data-element_type=\"column\" data-e-type=\"column\">\n\t\t\t<div class=\"elementor-widget-wrap elementor-element-populated\">\n\t\t\t\t\t\t<div class=\"elementor-element elementor-element-962012b elementor-widget-divider--view-line elementor-widget elementor-widget-divider\" data-id=\"962012b\" data-element_type=\"widget\" data-e-type=\"widget\" data-widget_type=\"divider.default\">\n\t\t\t\t<div class=\"elementor-widget-container\">\n\t\t\t\t\t\t\t<div class=\"elementor-divider\">\n\t\t\t<span class=\"elementor-divider-separator\">\n\t\t\t\t\t\t<\/span>\n\t\t<\/div>\n\t\t\t\t\t\t<\/div>\n\t\t\t\t<\/div>\n\t\t\t\t<div class=\"elementor-element elementor-element-4d5fb9c elementor-arrows-position-inside elementor-pagination-position-outside elementor-widget elementor-widget-image-carousel\" data-id=\"4d5fb9c\" data-element_type=\"widget\" data-e-type=\"widget\" data-settings=\"{&quot;slides_to_show&quot;:&quot;4&quot;,&quot;slides_to_scroll&quot;:&quot;1&quot;,&quot;navigation&quot;:&quot;both&quot;,&quot;autoplay&quot;:&quot;yes&quot;,&quot;pause_on_hover&quot;:&quot;yes&quot;,&quot;pause_on_interaction&quot;:&quot;yes&quot;,&quot;autoplay_speed&quot;:5000,&quot;infinite&quot;:&quot;yes&quot;,&quot;speed&quot;:500}\" data-widget_type=\"image-carousel.default\">\n\t\t\t\t<div class=\"elementor-widget-container\">\n\t\t\t\t\t\t\t<div class=\"elementor-image-carousel-wrapper swiper\" role=\"region\" aria-roledescription=\"carousel\" aria-label=\"Carrousel d\u2019images\" dir=\"ltr\">\n\t\t\t<div class=\"elementor-image-carousel swiper-wrapper\" aria-live=\"off\">\n\t\t\t\t\t\t\t\t<div class=\"swiper-slide\" role=\"group\" aria-roledescription=\"slide\" aria-label=\"1 sur 7\"><figure class=\"swiper-slide-inner\"><img decoding=\"async\" class=\"swiper-slide-image\" src=\"https:\/\/michelcremerfoundation.eu\/wp-content\/uploads\/2024\/12\/tn_20241201_161529.jpg\" alt=\"tn_20241201_161529\" \/><\/figure><\/div><div class=\"swiper-slide\" role=\"group\" aria-roledescription=\"slide\" aria-label=\"2 sur 7\"><figure class=\"swiper-slide-inner\"><img decoding=\"async\" class=\"swiper-slide-image\" src=\"https:\/\/michelcremerfoundation.eu\/wp-content\/uploads\/2024\/12\/tn_20241201_161502.jpg\" alt=\"tn_20241201_161502\" \/><\/figure><\/div><div class=\"swiper-slide\" role=\"group\" aria-roledescription=\"slide\" aria-label=\"3 sur 7\"><figure class=\"swiper-slide-inner\"><img decoding=\"async\" class=\"swiper-slide-image\" src=\"https:\/\/michelcremerfoundation.eu\/wp-content\/uploads\/2024\/12\/tn_20241201_161426-rotated.jpg\" alt=\"tn_20241201_161426\" \/><\/figure><\/div><div class=\"swiper-slide\" role=\"group\" aria-roledescription=\"slide\" aria-label=\"4 sur 7\"><figure class=\"swiper-slide-inner\"><img decoding=\"async\" class=\"swiper-slide-image\" src=\"https:\/\/michelcremerfoundation.eu\/wp-content\/uploads\/2024\/12\/tn_20241201_161141-rotated.jpg\" alt=\"tn_20241201_161141\" \/><\/figure><\/div><div class=\"swiper-slide\" role=\"group\" aria-roledescription=\"slide\" aria-label=\"5 sur 7\"><figure class=\"swiper-slide-inner\"><img decoding=\"async\" class=\"swiper-slide-image\" src=\"https:\/\/michelcremerfoundation.eu\/wp-content\/uploads\/2024\/12\/tn_femmes-dans-peinture-2.jpg\" alt=\"tn_femmes dans peinture-2\" \/><\/figure><\/div><div class=\"swiper-slide\" role=\"group\" aria-roledescription=\"slide\" aria-label=\"6 sur 7\"><figure class=\"swiper-slide-inner\"><img decoding=\"async\" class=\"swiper-slide-image\" src=\"https:\/\/michelcremerfoundation.eu\/wp-content\/uploads\/2024\/12\/femmes-dans-peinture-3.jpg\" alt=\"femmes dans peinture-3\" \/><\/figure><\/div><div class=\"swiper-slide\" role=\"group\" aria-roledescription=\"slide\" aria-label=\"7 sur 7\"><figure class=\"swiper-slide-inner\"><img decoding=\"async\" class=\"swiper-slide-image\" src=\"https:\/\/michelcremerfoundation.eu\/wp-content\/uploads\/2024\/12\/femmes-dans-peinture-1.jpg\" alt=\"femmes dans peinture-1\" \/><\/figure><\/div>\t\t\t<\/div>\n\t\t\t\t\t\t\t\t\t\t\t\t<div class=\"elementor-swiper-button elementor-swiper-button-prev\" role=\"button\" tabindex=\"0\">\n\t\t\t\t\t\t<i aria-hidden=\"true\" class=\"eicon-chevron-left\"><\/i>\t\t\t\t\t<\/div>\n\t\t\t\t\t<div class=\"elementor-swiper-button elementor-swiper-button-next\" role=\"button\" tabindex=\"0\">\n\t\t\t\t\t\t<i aria-hidden=\"true\" class=\"eicon-chevron-right\"><\/i>\t\t\t\t\t<\/div>\n\t\t\t\t\n\t\t\t\t\t\t\t\t\t<div class=\"swiper-pagination\"><\/div>\n\t\t\t\t\t\t\t\t\t<\/div>\n\t\t\t\t\t\t<\/div>\n\t\t\t\t<\/div>\n\t\t\t\t\t<\/div>\n\t\t<\/div>\n\t\t\t\t\t<\/div>\n\t\t<\/section>\n\t\t\t\t<section class=\"elementor-section elementor-top-section elementor-element elementor-element-da011b6 elementor-section-full_width elementor-section-stretched elementor-section-height-default elementor-section-height-default\" data-id=\"da011b6\" data-element_type=\"section\" data-e-type=\"section\" data-settings=\"{&quot;stretch_section&quot;:&quot;section-stretched&quot;}\">\n\t\t\t\t\t\t<div class=\"elementor-container elementor-column-gap-default\">\n\t\t\t\t\t<div class=\"elementor-column elementor-col-100 elementor-top-column elementor-element elementor-element-eb17347\" data-id=\"eb17347\" data-element_type=\"column\" data-e-type=\"column\">\n\t\t\t<div class=\"elementor-widget-wrap elementor-element-populated\">\n\t\t\t\t\t\t<section class=\"elementor-section elementor-inner-section elementor-element elementor-element-5c73dad elementor-section-boxed elementor-section-height-default elementor-section-height-default\" data-id=\"5c73dad\" data-element_type=\"section\" data-e-type=\"section\">\n\t\t\t\t\t\t<div class=\"elementor-container elementor-column-gap-default\">\n\t\t\t\t\t<div class=\"elementor-column elementor-col-100 elementor-inner-column elementor-element elementor-element-a78c2c2\" data-id=\"a78c2c2\" data-element_type=\"column\" data-e-type=\"column\">\n\t\t\t<div class=\"elementor-widget-wrap elementor-element-populated\">\n\t\t\t\t\t\t<div class=\"elementor-element elementor-element-22b0b1b elementor-widget-divider--view-line elementor-widget elementor-widget-divider\" data-id=\"22b0b1b\" data-element_type=\"widget\" data-e-type=\"widget\" data-widget_type=\"divider.default\">\n\t\t\t\t<div class=\"elementor-widget-container\">\n\t\t\t\t\t\t\t<div class=\"elementor-divider\">\n\t\t\t<span class=\"elementor-divider-separator\">\n\t\t\t\t\t\t<\/span>\n\t\t<\/div>\n\t\t\t\t\t\t<\/div>\n\t\t\t\t<\/div>\n\t\t\t\t<div class=\"elementor-element elementor-element-7001abe elementor-widget elementor-widget-text-editor\" data-id=\"7001abe\" data-element_type=\"widget\" data-e-type=\"widget\" data-widget_type=\"text-editor.default\">\n\t\t\t\t<div class=\"elementor-widget-container\">\n\t\t\t\t\t\t\t\t\t<p><span style=\"color: #0e76bc;\">\u2764\ufe0f<\/span><span style=\"color: #0e76bc;\">Votre aide est pr\u00e9cieuse.\u00a0\u00a0<\/span><span style=\"color: #0e76bc;\">\u2764\ufe0f<\/span><\/p><p><span style=\"color: #0e76bc;\">En effectuant un geste financier, vous pouvez vraiment contribuer au d\u00e9veloppement de nouveaux dispositifs m\u00e9dicaux<\/span> <span style=\"color: #0e76bc;\">au service de toutes et tous.\u00a0<\/span><\/p><h6 style=\"margin-bottom: 8px; font-family: Tahoma, arial; color: #171c24; letter-spacing: normal; clear: none; font-size: 28px; line-height: 1.2; --fontsize: 28;\" data-fontsize=\"28\" data-lineheight=\"33.6px\"><span style=\"font-size: 16px; text-align: justify; text-transform: none; color: #0e76bc;\">Tout don est d\u00e9ductible fiscalement d\u00e8s\u00a0<\/span><span style=\"font-size: 16px; text-align: justify; text-transform: none; color: #ffffff;\"><span style=\"color: #0e76bc;\">40 \u20ac\/an (ou 5 \u20ac\/mois) en indiquant \u201cDON\u201d en communication du virement sur le compte de la Fondation<\/span><\/span><\/h6><h6 style=\"margin-bottom: 8px; font-family: Tahoma, arial; color: #171c24; letter-spacing: normal; clear: none; font-size: 28px; line-height: 1.2; --fontsize: 28;\" data-fontsize=\"28\" data-lineheight=\"33.6px\"><span style=\"font-size: 16px; text-align: justify; text-transform: none; color: #ffffff;\"><span style=\"color: #0e76bc;\">BE 35 0689 4098 62377<\/span><\/span><\/h6>\t\t\t\t\t\t\t\t<\/div>\n\t\t\t\t<\/div>\n\t\t\t\t<div class=\"elementor-element elementor-element-c2659ec elementor-widget-divider--view-line elementor-widget elementor-widget-divider\" data-id=\"c2659ec\" data-element_type=\"widget\" data-e-type=\"widget\" data-widget_type=\"divider.default\">\n\t\t\t\t<div class=\"elementor-widget-container\">\n\t\t\t\t\t\t\t<div class=\"elementor-divider\">\n\t\t\t<span class=\"elementor-divider-separator\">\n\t\t\t\t\t\t<\/span>\n\t\t<\/div>\n\t\t\t\t\t\t<\/div>\n\t\t\t\t<\/div>\n\t\t\t\t\t<\/div>\n\t\t<\/div>\n\t\t\t\t\t<\/div>\n\t\t<\/section>\n\t\t\t\t<div class=\"elementor-element elementor-element-3314f84 elementor-align-justify elementor-widget elementor-widget-button\" data-id=\"3314f84\" data-element_type=\"widget\" data-e-type=\"widget\" data-widget_type=\"button.default\">\n\t\t\t\t<div class=\"elementor-widget-container\">\n\t\t\t\t\t\t\t\t\t<div class=\"elementor-button-wrapper\">\n\t\t\t\t\t<a class=\"elementor-button elementor-button-link elementor-size-lg\" href=\"\">\n\t\t\t\t\t\t<span class=\"elementor-button-content-wrapper\">\n\t\t\t\t\t\t\t\t\t<span class=\"elementor-button-text\">Soutenez nos actions et faites un don<\/span>\n\t\t\t\t\t<\/span>\n\t\t\t\t\t<\/a>\n\t\t\t\t<\/div>\n\t\t\t\t\t\t\t\t<\/div>\n\t\t\t\t<\/div>\n\t\t\t\t<div class=\"elementor-element elementor-element-6adfc73 elementor-widget-divider--view-line elementor-widget elementor-widget-divider\" data-id=\"6adfc73\" data-element_type=\"widget\" data-e-type=\"widget\" data-widget_type=\"divider.default\">\n\t\t\t\t<div class=\"elementor-widget-container\">\n\t\t\t\t\t\t\t<div class=\"elementor-divider\">\n\t\t\t<span class=\"elementor-divider-separator\">\n\t\t\t\t\t\t<\/span>\n\t\t<\/div>\n\t\t\t\t\t\t<\/div>\n\t\t\t\t<\/div>\n\t\t\t\t<div class=\"elementor-element elementor-element-7dc6704 elementor-widget elementor-widget-text-editor\" data-id=\"7dc6704\" data-element_type=\"widget\" data-e-type=\"widget\" data-widget_type=\"text-editor.default\">\n\t\t\t\t<div class=\"elementor-widget-container\">\n\t\t\t\t\t\t\t\t\t<p><span style=\"color: #0e76bc;\">Merci de relayer l&rsquo;information via vos canaux et via les r\u00e9seaux sociaux<\/span><\/p>\t\t\t\t\t\t\t\t<\/div>\n\t\t\t\t<\/div>\n\t\t\t\t<div class=\"elementor-element elementor-element-9e81b31 elementor-shape-rounded elementor-grid-0 e-grid-align-center elementor-widget elementor-widget-social-icons\" data-id=\"9e81b31\" data-element_type=\"widget\" data-e-type=\"widget\" data-widget_type=\"social-icons.default\">\n\t\t\t\t<div class=\"elementor-widget-container\">\n\t\t\t\t\t\t\t<div class=\"elementor-social-icons-wrapper elementor-grid\" role=\"list\">\n\t\t\t\t\t\t\t<span class=\"elementor-grid-item\" role=\"listitem\">\n\t\t\t\t\t<a class=\"elementor-icon elementor-social-icon elementor-social-icon-facebook elementor-repeater-item-7fcf72a\" href=\"https:\/\/www.facebook.com\/fondationmichelcremer\/\" target=\"_blank\">\n\t\t\t\t\t\t<span class=\"elementor-screen-only\">Facebook<\/span>\n\t\t\t\t\t\t<i aria-hidden=\"true\" class=\"fab fa-facebook\"><\/i>\t\t\t\t\t<\/a>\n\t\t\t\t<\/span>\n\t\t\t\t\t\t\t<span class=\"elementor-grid-item\" role=\"listitem\">\n\t\t\t\t\t<a class=\"elementor-icon elementor-social-icon elementor-social-icon-linkedin elementor-repeater-item-2dbf01b\" href=\"https:\/\/www.linkedin.com\/company\/18897844\/admin\/\" target=\"_blank\">\n\t\t\t\t\t\t<span class=\"elementor-screen-only\">Linkedin<\/span>\n\t\t\t\t\t\t<i aria-hidden=\"true\" class=\"fab fa-linkedin\"><\/i>\t\t\t\t\t<\/a>\n\t\t\t\t<\/span>\n\t\t\t\t\t\t\t<span class=\"elementor-grid-item\" role=\"listitem\">\n\t\t\t\t\t<a class=\"elementor-icon elementor-social-icon elementor-social-icon-twitter elementor-repeater-item-8a723de\" href=\"https:\/\/twitter.com\/cremer_michel\" target=\"_blank\">\n\t\t\t\t\t\t<span class=\"elementor-screen-only\">Twitter<\/span>\n\t\t\t\t\t\t<i aria-hidden=\"true\" class=\"fab fa-twitter\"><\/i>\t\t\t\t\t<\/a>\n\t\t\t\t<\/span>\n\t\t\t\t\t\t\t<span class=\"elementor-grid-item\" role=\"listitem\">\n\t\t\t\t\t<a class=\"elementor-icon elementor-social-icon elementor-social-icon-instagram elementor-repeater-item-b782dd5\" href=\"https:\/\/www.instagram.com\/csztalb\/\" target=\"_blank\">\n\t\t\t\t\t\t<span class=\"elementor-screen-only\">Instagram<\/span>\n\t\t\t\t\t\t<i aria-hidden=\"true\" class=\"fab fa-instagram\"><\/i>\t\t\t\t\t<\/a>\n\t\t\t\t<\/span>\n\t\t\t\t\t\t\t<span class=\"elementor-grid-item\" role=\"listitem\">\n\t\t\t\t\t<a class=\"elementor-icon elementor-social-icon elementor-social-icon-youtube elementor-repeater-item-fa25b1b\" href=\"https:\/\/www.youtube.com\/channel\/UCpqwv8IuVl5Cbk2dvDVvqDw\" target=\"_blank\">\n\t\t\t\t\t\t<span class=\"elementor-screen-only\">Youtube<\/span>\n\t\t\t\t\t\t<i aria-hidden=\"true\" class=\"fab fa-youtube\"><\/i>\t\t\t\t\t<\/a>\n\t\t\t\t<\/span>\n\t\t\t\t\t<\/div>\n\t\t\t\t\t\t<\/div>\n\t\t\t\t<\/div>\n\t\t\t\t\t<\/div>\n\t\t<\/div>\n\t\t\t\t\t<\/div>\n\t\t<\/section>\n\t\t\t\t<\/div>\n\t\t","protected":false},"excerpt":{"rendered":"<p>Quelques souvenirs de la visite guid\u00e9e sur les ARTISTES femmes dans la peinture au xxEME SIECLE A travers cette exposition, l\u2019\u00e9quipe du mus\u00e9e des Beaux-Arts souhaite mettre l\u2019accent sur la situation des femmes artistes en Belgique au 20\u00e8me si\u00e8cle. La sous-repr\u00e9sentation f\u00e9minine dans les arts r\u00e9sulte d\u2019un syst\u00e8me in\u00e9galitaire favorable aux hommes \u00e0 plusieurs niveaux\u00a0; d\u2019abord dans l\u2019\u00e9ducation, ensuite dans l\u2019acc\u00e8s \u00e0 la profession, et enfin dans la visibilit\u00e9 donn\u00e9e par les mus\u00e9es, les galeries, mais aussi les critiques et les historiens. Un tout grand merci \u00e0 notre guide Eve Delplanque pour cette belle d\u00e9couverte et \u00e9galement \u00e0 Francq pour les photos souvenirs. QUELQUES SOUVENIRS \u2764\ufe0fVotre aide est pr\u00e9cieuse.\u00a0\u00a0\u2764\ufe0f En effectuant un geste financier, vous pouvez vraiment contribuer au d\u00e9veloppement de nouveaux dispositifs m\u00e9dicaux au service de toutes et tous.\u00a0 Tout don est d\u00e9ductible fiscalement d\u00e8s\u00a040 \u20ac\/an (ou 5 \u20ac\/mois) en indiquant \u201cDON\u201d en communication du virement sur le compte de la Fondation BE 35 0689 4098 62377 Soutenez nos actions et faites un don Merci de relayer l&rsquo;information via vos canaux et via les r\u00e9seaux sociaux Facebook Linkedin Twitter Instagram Youtube<\/p>\n","protected":false},"author":2,"featured_media":13945,"comment_status":"open","ping_status":"open","sticky":false,"template":"","format":"standard","meta":{"give_campaign_id":0,"_jetpack_memberships_contains_paid_content":false,"footnotes":""},"categories":[366,376,378,1,48],"tags":[],"class_list":["post-15006","post","type-post","status-publish","format-standard","has-post-thumbnail","hentry","category-activites","category-culture","category-news","category-non-classe","category-nouvelles-de-la-fondation-michel-cremer-fr"],"yoast_head":"<!-- This site is optimized with the Yoast SEO plugin v27.4 - https:\/\/yoast.com\/product\/yoast-seo-wordpress\/ -->\n<title>2024-12-01-Souvenirs de l&#039;expo &quot;Si le c\u0153ur vous en dit&quot; - Fondation Michel Cremer<\/title>\n<meta name=\"description\" content=\"Quelques souvenirs de la visite 2024-12-01-Souvenirs de l&#039;expo &quot;Si le c\u0153ur vous en dit&quot; guid\u00e9e par Eve Delplanque du Mus\u00e9e des Beaux-Arts\" \/>\n<meta name=\"robots\" content=\"index, follow, max-snippet:-1, max-image-preview:large, max-video-preview:-1\" \/>\n<link rel=\"canonical\" href=\"https:\/\/michelcremerfoundation.eu\/index.php\/2024\/12\/04\/2024-12-01-souvenirs-de-lexpo-si-le-coeur-vous-en-dit\/\" \/>\n<meta property=\"og:locale\" content=\"fr_FR\" \/>\n<meta property=\"og:type\" content=\"article\" \/>\n<meta property=\"og:title\" content=\"2024-12-01-Souvenirs de l&#039;expo &quot;Si le c\u0153ur vous en dit&quot; - Fondation Michel Cremer\" \/>\n<meta property=\"og:description\" content=\"Quelques souvenirs de la visite 2024-12-01-Souvenirs de l&#039;expo &quot;Si le c\u0153ur vous en dit&quot; guid\u00e9e par Eve Delplanque du Mus\u00e9e des Beaux-Arts\" \/>\n<meta property=\"og:url\" content=\"https:\/\/michelcremerfoundation.eu\/index.php\/2024\/12\/04\/2024-12-01-souvenirs-de-lexpo-si-le-coeur-vous-en-dit\/\" \/>\n<meta property=\"og:site_name\" content=\"Fondation Michel Cremer\" \/>\n<meta property=\"article:publisher\" content=\"https:\/\/www.facebook.com\/fondationmichelcremer\" \/>\n<meta property=\"article:published_time\" content=\"2024-12-04T20:06:42+00:00\" \/>\n<meta property=\"article:modified_time\" content=\"2024-12-04T21:52:43+00:00\" \/>\n<meta property=\"og:image\" content=\"https:\/\/michelcremerfoundation.eu\/wp-content\/uploads\/2024\/10\/3-baes-la-baronne-de-crussol-qui-sest-cru-sole.jpg\" \/>\n\t<meta property=\"og:image:width\" content=\"1860\" \/>\n\t<meta property=\"og:image:height\" content=\"2414\" \/>\n\t<meta property=\"og:image:type\" content=\"image\/jpeg\" \/>\n<meta name=\"author\" content=\"C\u00e9cile Sztalberg\" \/>\n<meta name=\"twitter:card\" content=\"summary_large_image\" \/>\n<meta name=\"twitter:label1\" content=\"\u00c9crit par\" \/>\n\t<meta name=\"twitter:data1\" content=\"C\u00e9cile Sztalberg\" \/>\n\t<meta name=\"twitter:label2\" content=\"Dur\u00e9e de lecture estim\u00e9e\" \/>\n\t<meta name=\"twitter:data2\" content=\"8 minutes\" \/>\n<script type=\"application\/ld+json\" class=\"yoast-schema-graph\">{\"@context\":\"https:\\\/\\\/schema.org\",\"@graph\":[{\"@type\":\"Article\",\"@id\":\"https:\\\/\\\/michelcremerfoundation.eu\\\/index.php\\\/2024\\\/12\\\/04\\\/2024-12-01-souvenirs-de-lexpo-si-le-coeur-vous-en-dit\\\/#article\",\"isPartOf\":{\"@id\":\"https:\\\/\\\/michelcremerfoundation.eu\\\/index.php\\\/2024\\\/12\\\/04\\\/2024-12-01-souvenirs-de-lexpo-si-le-coeur-vous-en-dit\\\/\"},\"author\":{\"name\":\"C\u00e9cile Sztalberg\",\"@id\":\"https:\\\/\\\/michelcremerfoundation.eu\\\/#\\\/schema\\\/person\\\/dbc78bafa5902e44b849bbe5219a905e\"},\"headline\":\"2024-12-01-Souvenirs de l&rsquo;expo \u00ab\u00a0Si le c\u0153ur vous en dit\u00a0\u00bb\",\"datePublished\":\"2024-12-04T20:06:42+00:00\",\"dateModified\":\"2024-12-04T21:52:43+00:00\",\"mainEntityOfPage\":{\"@id\":\"https:\\\/\\\/michelcremerfoundation.eu\\\/index.php\\\/2024\\\/12\\\/04\\\/2024-12-01-souvenirs-de-lexpo-si-le-coeur-vous-en-dit\\\/\"},\"wordCount\":209,\"commentCount\":0,\"publisher\":{\"@id\":\"https:\\\/\\\/michelcremerfoundation.eu\\\/#organization\"},\"image\":{\"@id\":\"https:\\\/\\\/michelcremerfoundation.eu\\\/index.php\\\/2024\\\/12\\\/04\\\/2024-12-01-souvenirs-de-lexpo-si-le-coeur-vous-en-dit\\\/#primaryimage\"},\"thumbnailUrl\":\"https:\\\/\\\/michelcremerfoundation.eu\\\/wp-content\\\/uploads\\\/2024\\\/10\\\/3-baes-la-baronne-de-crussol-qui-sest-cru-sole.jpg\",\"articleSection\":{\"0\":\"Activit\u00e9s\",\"1\":\"Culture\",\"2\":\"News\",\"4\":\"Nouvelles de la Fondation Michel Cremer\"},\"inLanguage\":\"fr-FR\",\"potentialAction\":[{\"@type\":\"CommentAction\",\"name\":\"Comment\",\"target\":[\"https:\\\/\\\/michelcremerfoundation.eu\\\/index.php\\\/2024\\\/12\\\/04\\\/2024-12-01-souvenirs-de-lexpo-si-le-coeur-vous-en-dit\\\/#respond\"]}]},{\"@type\":\"WebPage\",\"@id\":\"https:\\\/\\\/michelcremerfoundation.eu\\\/index.php\\\/2024\\\/12\\\/04\\\/2024-12-01-souvenirs-de-lexpo-si-le-coeur-vous-en-dit\\\/\",\"url\":\"https:\\\/\\\/michelcremerfoundation.eu\\\/index.php\\\/2024\\\/12\\\/04\\\/2024-12-01-souvenirs-de-lexpo-si-le-coeur-vous-en-dit\\\/\",\"name\":\"2024-12-01-Souvenirs de l'expo \\\"Si le c\u0153ur vous en dit\\\" - Fondation Michel Cremer\",\"isPartOf\":{\"@id\":\"https:\\\/\\\/michelcremerfoundation.eu\\\/#website\"},\"primaryImageOfPage\":{\"@id\":\"https:\\\/\\\/michelcremerfoundation.eu\\\/index.php\\\/2024\\\/12\\\/04\\\/2024-12-01-souvenirs-de-lexpo-si-le-coeur-vous-en-dit\\\/#primaryimage\"},\"image\":{\"@id\":\"https:\\\/\\\/michelcremerfoundation.eu\\\/index.php\\\/2024\\\/12\\\/04\\\/2024-12-01-souvenirs-de-lexpo-si-le-coeur-vous-en-dit\\\/#primaryimage\"},\"thumbnailUrl\":\"https:\\\/\\\/michelcremerfoundation.eu\\\/wp-content\\\/uploads\\\/2024\\\/10\\\/3-baes-la-baronne-de-crussol-qui-sest-cru-sole.jpg\",\"datePublished\":\"2024-12-04T20:06:42+00:00\",\"dateModified\":\"2024-12-04T21:52:43+00:00\",\"description\":\"Quelques souvenirs de la visite 2024-12-01-Souvenirs de l'expo \\\"Si le c\u0153ur vous en dit\\\" guid\u00e9e par Eve Delplanque du Mus\u00e9e des Beaux-Arts\",\"breadcrumb\":{\"@id\":\"https:\\\/\\\/michelcremerfoundation.eu\\\/index.php\\\/2024\\\/12\\\/04\\\/2024-12-01-souvenirs-de-lexpo-si-le-coeur-vous-en-dit\\\/#breadcrumb\"},\"inLanguage\":\"fr-FR\",\"potentialAction\":[{\"@type\":\"ReadAction\",\"target\":[\"https:\\\/\\\/michelcremerfoundation.eu\\\/index.php\\\/2024\\\/12\\\/04\\\/2024-12-01-souvenirs-de-lexpo-si-le-coeur-vous-en-dit\\\/\"]}]},{\"@type\":\"ImageObject\",\"inLanguage\":\"fr-FR\",\"@id\":\"https:\\\/\\\/michelcremerfoundation.eu\\\/index.php\\\/2024\\\/12\\\/04\\\/2024-12-01-souvenirs-de-lexpo-si-le-coeur-vous-en-dit\\\/#primaryimage\",\"url\":\"https:\\\/\\\/michelcremerfoundation.eu\\\/wp-content\\\/uploads\\\/2024\\\/10\\\/3-baes-la-baronne-de-crussol-qui-sest-cru-sole.jpg\",\"contentUrl\":\"https:\\\/\\\/michelcremerfoundation.eu\\\/wp-content\\\/uploads\\\/2024\\\/10\\\/3-baes-la-baronne-de-crussol-qui-sest-cru-sole.jpg\",\"width\":1860,\"height\":2414},{\"@type\":\"BreadcrumbList\",\"@id\":\"https:\\\/\\\/michelcremerfoundation.eu\\\/index.php\\\/2024\\\/12\\\/04\\\/2024-12-01-souvenirs-de-lexpo-si-le-coeur-vous-en-dit\\\/#breadcrumb\",\"itemListElement\":[{\"@type\":\"ListItem\",\"position\":1,\"name\":\"Accueil\",\"item\":\"https:\\\/\\\/michelcremerfoundation.eu\\\/\"},{\"@type\":\"ListItem\",\"position\":2,\"name\":\"2024-12-01-Souvenirs de l&rsquo;expo \u00ab\u00a0Si le c\u0153ur vous en dit\u00a0\u00bb\"}]},{\"@type\":\"WebSite\",\"@id\":\"https:\\\/\\\/michelcremerfoundation.eu\\\/#website\",\"url\":\"https:\\\/\\\/michelcremerfoundation.eu\\\/\",\"name\":\"Fondation Michel Cremer\",\"description\":\"Ensemble, vers la m\u00e9decine du futur\",\"publisher\":{\"@id\":\"https:\\\/\\\/michelcremerfoundation.eu\\\/#organization\"},\"potentialAction\":[{\"@type\":\"SearchAction\",\"target\":{\"@type\":\"EntryPoint\",\"urlTemplate\":\"https:\\\/\\\/michelcremerfoundation.eu\\\/?s={search_term_string}\"},\"query-input\":{\"@type\":\"PropertyValueSpecification\",\"valueRequired\":true,\"valueName\":\"search_term_string\"}}],\"inLanguage\":\"fr-FR\"},{\"@type\":\"Organization\",\"@id\":\"https:\\\/\\\/michelcremerfoundation.eu\\\/#organization\",\"name\":\"Fondation Michel Cremer\",\"url\":\"https:\\\/\\\/michelcremerfoundation.eu\\\/\",\"logo\":{\"@type\":\"ImageObject\",\"inLanguage\":\"fr-FR\",\"@id\":\"https:\\\/\\\/michelcremerfoundation.eu\\\/#\\\/schema\\\/logo\\\/image\\\/\",\"url\":\"https:\\\/\\\/michelcremerfoundation.eu\\\/wp-content\\\/uploads\\\/2018\\\/03\\\/Logo-FMC-e1520765525490.jpg\",\"contentUrl\":\"https:\\\/\\\/michelcremerfoundation.eu\\\/wp-content\\\/uploads\\\/2018\\\/03\\\/Logo-FMC-e1520765525490.jpg\",\"width\":100,\"height\":66,\"caption\":\"Fondation Michel Cremer\"},\"image\":{\"@id\":\"https:\\\/\\\/michelcremerfoundation.eu\\\/#\\\/schema\\\/logo\\\/image\\\/\"},\"sameAs\":[\"https:\\\/\\\/www.facebook.com\\\/fondationmichelcremer\",\"https:\\\/\\\/www.linkedin.com\\\/company\\\/18897844\"]},{\"@type\":\"Person\",\"@id\":\"https:\\\/\\\/michelcremerfoundation.eu\\\/#\\\/schema\\\/person\\\/dbc78bafa5902e44b849bbe5219a905e\",\"name\":\"C\u00e9cile Sztalberg\",\"image\":{\"@type\":\"ImageObject\",\"inLanguage\":\"fr-FR\",\"@id\":\"https:\\\/\\\/secure.gravatar.com\\\/avatar\\\/58a24f6795780ccee905683d2e01fb8c32e79ec47ec0a6e65caba76dc9388e29?s=96&d=mm&r=g\",\"url\":\"https:\\\/\\\/secure.gravatar.com\\\/avatar\\\/58a24f6795780ccee905683d2e01fb8c32e79ec47ec0a6e65caba76dc9388e29?s=96&d=mm&r=g\",\"contentUrl\":\"https:\\\/\\\/secure.gravatar.com\\\/avatar\\\/58a24f6795780ccee905683d2e01fb8c32e79ec47ec0a6e65caba76dc9388e29?s=96&d=mm&r=g\",\"caption\":\"C\u00e9cile Sztalberg\"},\"url\":\"https:\\\/\\\/michelcremerfoundation.eu\\\/index.php\\\/author\\\/cecile\\\/\"}]}<\/script>\n<!-- \/ Yoast SEO plugin. -->","yoast_head_json":{"title":"2024-12-01-Souvenirs de l'expo \"Si le c\u0153ur vous en dit\" - Fondation Michel Cremer","description":"Quelques souvenirs de la visite 2024-12-01-Souvenirs de l'expo \"Si le c\u0153ur vous en dit\" guid\u00e9e par Eve Delplanque du Mus\u00e9e des Beaux-Arts","robots":{"index":"index","follow":"follow","max-snippet":"max-snippet:-1","max-image-preview":"max-image-preview:large","max-video-preview":"max-video-preview:-1"},"canonical":"https:\/\/michelcremerfoundation.eu\/index.php\/2024\/12\/04\/2024-12-01-souvenirs-de-lexpo-si-le-coeur-vous-en-dit\/","og_locale":"fr_FR","og_type":"article","og_title":"2024-12-01-Souvenirs de l'expo \"Si le c\u0153ur vous en dit\" - Fondation Michel Cremer","og_description":"Quelques souvenirs de la visite 2024-12-01-Souvenirs de l'expo \"Si le c\u0153ur vous en dit\" guid\u00e9e par Eve Delplanque du Mus\u00e9e des Beaux-Arts","og_url":"https:\/\/michelcremerfoundation.eu\/index.php\/2024\/12\/04\/2024-12-01-souvenirs-de-lexpo-si-le-coeur-vous-en-dit\/","og_site_name":"Fondation Michel Cremer","article_publisher":"https:\/\/www.facebook.com\/fondationmichelcremer","article_published_time":"2024-12-04T20:06:42+00:00","article_modified_time":"2024-12-04T21:52:43+00:00","og_image":[{"width":1860,"height":2414,"url":"https:\/\/michelcremerfoundation.eu\/wp-content\/uploads\/2024\/10\/3-baes-la-baronne-de-crussol-qui-sest-cru-sole.jpg","type":"image\/jpeg"}],"author":"C\u00e9cile Sztalberg","twitter_card":"summary_large_image","twitter_misc":{"\u00c9crit par":"C\u00e9cile Sztalberg","Dur\u00e9e de lecture estim\u00e9e":"8 minutes"},"schema":{"@context":"https:\/\/schema.org","@graph":[{"@type":"Article","@id":"https:\/\/michelcremerfoundation.eu\/index.php\/2024\/12\/04\/2024-12-01-souvenirs-de-lexpo-si-le-coeur-vous-en-dit\/#article","isPartOf":{"@id":"https:\/\/michelcremerfoundation.eu\/index.php\/2024\/12\/04\/2024-12-01-souvenirs-de-lexpo-si-le-coeur-vous-en-dit\/"},"author":{"name":"C\u00e9cile Sztalberg","@id":"https:\/\/michelcremerfoundation.eu\/#\/schema\/person\/dbc78bafa5902e44b849bbe5219a905e"},"headline":"2024-12-01-Souvenirs de l&rsquo;expo \u00ab\u00a0Si le c\u0153ur vous en dit\u00a0\u00bb","datePublished":"2024-12-04T20:06:42+00:00","dateModified":"2024-12-04T21:52:43+00:00","mainEntityOfPage":{"@id":"https:\/\/michelcremerfoundation.eu\/index.php\/2024\/12\/04\/2024-12-01-souvenirs-de-lexpo-si-le-coeur-vous-en-dit\/"},"wordCount":209,"commentCount":0,"publisher":{"@id":"https:\/\/michelcremerfoundation.eu\/#organization"},"image":{"@id":"https:\/\/michelcremerfoundation.eu\/index.php\/2024\/12\/04\/2024-12-01-souvenirs-de-lexpo-si-le-coeur-vous-en-dit\/#primaryimage"},"thumbnailUrl":"https:\/\/michelcremerfoundation.eu\/wp-content\/uploads\/2024\/10\/3-baes-la-baronne-de-crussol-qui-sest-cru-sole.jpg","articleSection":{"0":"Activit\u00e9s","1":"Culture","2":"News","4":"Nouvelles de la Fondation Michel Cremer"},"inLanguage":"fr-FR","potentialAction":[{"@type":"CommentAction","name":"Comment","target":["https:\/\/michelcremerfoundation.eu\/index.php\/2024\/12\/04\/2024-12-01-souvenirs-de-lexpo-si-le-coeur-vous-en-dit\/#respond"]}]},{"@type":"WebPage","@id":"https:\/\/michelcremerfoundation.eu\/index.php\/2024\/12\/04\/2024-12-01-souvenirs-de-lexpo-si-le-coeur-vous-en-dit\/","url":"https:\/\/michelcremerfoundation.eu\/index.php\/2024\/12\/04\/2024-12-01-souvenirs-de-lexpo-si-le-coeur-vous-en-dit\/","name":"2024-12-01-Souvenirs de l'expo \"Si le c\u0153ur vous en dit\" - Fondation Michel Cremer","isPartOf":{"@id":"https:\/\/michelcremerfoundation.eu\/#website"},"primaryImageOfPage":{"@id":"https:\/\/michelcremerfoundation.eu\/index.php\/2024\/12\/04\/2024-12-01-souvenirs-de-lexpo-si-le-coeur-vous-en-dit\/#primaryimage"},"image":{"@id":"https:\/\/michelcremerfoundation.eu\/index.php\/2024\/12\/04\/2024-12-01-souvenirs-de-lexpo-si-le-coeur-vous-en-dit\/#primaryimage"},"thumbnailUrl":"https:\/\/michelcremerfoundation.eu\/wp-content\/uploads\/2024\/10\/3-baes-la-baronne-de-crussol-qui-sest-cru-sole.jpg","datePublished":"2024-12-04T20:06:42+00:00","dateModified":"2024-12-04T21:52:43+00:00","description":"Quelques souvenirs de la visite 2024-12-01-Souvenirs de l'expo \"Si le c\u0153ur vous en dit\" guid\u00e9e par Eve Delplanque du Mus\u00e9e des Beaux-Arts","breadcrumb":{"@id":"https:\/\/michelcremerfoundation.eu\/index.php\/2024\/12\/04\/2024-12-01-souvenirs-de-lexpo-si-le-coeur-vous-en-dit\/#breadcrumb"},"inLanguage":"fr-FR","potentialAction":[{"@type":"ReadAction","target":["https:\/\/michelcremerfoundation.eu\/index.php\/2024\/12\/04\/2024-12-01-souvenirs-de-lexpo-si-le-coeur-vous-en-dit\/"]}]},{"@type":"ImageObject","inLanguage":"fr-FR","@id":"https:\/\/michelcremerfoundation.eu\/index.php\/2024\/12\/04\/2024-12-01-souvenirs-de-lexpo-si-le-coeur-vous-en-dit\/#primaryimage","url":"https:\/\/michelcremerfoundation.eu\/wp-content\/uploads\/2024\/10\/3-baes-la-baronne-de-crussol-qui-sest-cru-sole.jpg","contentUrl":"https:\/\/michelcremerfoundation.eu\/wp-content\/uploads\/2024\/10\/3-baes-la-baronne-de-crussol-qui-sest-cru-sole.jpg","width":1860,"height":2414},{"@type":"BreadcrumbList","@id":"https:\/\/michelcremerfoundation.eu\/index.php\/2024\/12\/04\/2024-12-01-souvenirs-de-lexpo-si-le-coeur-vous-en-dit\/#breadcrumb","itemListElement":[{"@type":"ListItem","position":1,"name":"Accueil","item":"https:\/\/michelcremerfoundation.eu\/"},{"@type":"ListItem","position":2,"name":"2024-12-01-Souvenirs de l&rsquo;expo \u00ab\u00a0Si le c\u0153ur vous en dit\u00a0\u00bb"}]},{"@type":"WebSite","@id":"https:\/\/michelcremerfoundation.eu\/#website","url":"https:\/\/michelcremerfoundation.eu\/","name":"Fondation Michel Cremer","description":"Ensemble, vers la m\u00e9decine du futur","publisher":{"@id":"https:\/\/michelcremerfoundation.eu\/#organization"},"potentialAction":[{"@type":"SearchAction","target":{"@type":"EntryPoint","urlTemplate":"https:\/\/michelcremerfoundation.eu\/?s={search_term_string}"},"query-input":{"@type":"PropertyValueSpecification","valueRequired":true,"valueName":"search_term_string"}}],"inLanguage":"fr-FR"},{"@type":"Organization","@id":"https:\/\/michelcremerfoundation.eu\/#organization","name":"Fondation Michel Cremer","url":"https:\/\/michelcremerfoundation.eu\/","logo":{"@type":"ImageObject","inLanguage":"fr-FR","@id":"https:\/\/michelcremerfoundation.eu\/#\/schema\/logo\/image\/","url":"https:\/\/michelcremerfoundation.eu\/wp-content\/uploads\/2018\/03\/Logo-FMC-e1520765525490.jpg","contentUrl":"https:\/\/michelcremerfoundation.eu\/wp-content\/uploads\/2018\/03\/Logo-FMC-e1520765525490.jpg","width":100,"height":66,"caption":"Fondation Michel Cremer"},"image":{"@id":"https:\/\/michelcremerfoundation.eu\/#\/schema\/logo\/image\/"},"sameAs":["https:\/\/www.facebook.com\/fondationmichelcremer","https:\/\/www.linkedin.com\/company\/18897844"]},{"@type":"Person","@id":"https:\/\/michelcremerfoundation.eu\/#\/schema\/person\/dbc78bafa5902e44b849bbe5219a905e","name":"C\u00e9cile Sztalberg","image":{"@type":"ImageObject","inLanguage":"fr-FR","@id":"https:\/\/secure.gravatar.com\/avatar\/58a24f6795780ccee905683d2e01fb8c32e79ec47ec0a6e65caba76dc9388e29?s=96&d=mm&r=g","url":"https:\/\/secure.gravatar.com\/avatar\/58a24f6795780ccee905683d2e01fb8c32e79ec47ec0a6e65caba76dc9388e29?s=96&d=mm&r=g","contentUrl":"https:\/\/secure.gravatar.com\/avatar\/58a24f6795780ccee905683d2e01fb8c32e79ec47ec0a6e65caba76dc9388e29?s=96&d=mm&r=g","caption":"C\u00e9cile Sztalberg"},"url":"https:\/\/michelcremerfoundation.eu\/index.php\/author\/cecile\/"}]}},"jetpack_featured_media_url":"https:\/\/michelcremerfoundation.eu\/wp-content\/uploads\/2024\/10\/3-baes-la-baronne-de-crussol-qui-sest-cru-sole.jpg","jetpack_shortlink":"https:\/\/wp.me\/papkNB-3U2","jetpack_sharing_enabled":true,"_links":{"self":[{"href":"https:\/\/michelcremerfoundation.eu\/index.php\/wp-json\/wp\/v2\/posts\/15006","targetHints":{"allow":["GET"]}}],"collection":[{"href":"https:\/\/michelcremerfoundation.eu\/index.php\/wp-json\/wp\/v2\/posts"}],"about":[{"href":"https:\/\/michelcremerfoundation.eu\/index.php\/wp-json\/wp\/v2\/types\/post"}],"author":[{"embeddable":true,"href":"https:\/\/michelcremerfoundation.eu\/index.php\/wp-json\/wp\/v2\/users\/2"}],"replies":[{"embeddable":true,"href":"https:\/\/michelcremerfoundation.eu\/index.php\/wp-json\/wp\/v2\/comments?post=15006"}],"version-history":[{"count":10,"href":"https:\/\/michelcremerfoundation.eu\/index.php\/wp-json\/wp\/v2\/posts\/15006\/revisions"}],"predecessor-version":[{"id":15044,"href":"https:\/\/michelcremerfoundation.eu\/index.php\/wp-json\/wp\/v2\/posts\/15006\/revisions\/15044"}],"wp:featuredmedia":[{"embeddable":true,"href":"https:\/\/michelcremerfoundation.eu\/index.php\/wp-json\/wp\/v2\/media\/13945"}],"wp:attachment":[{"href":"https:\/\/michelcremerfoundation.eu\/index.php\/wp-json\/wp\/v2\/media?parent=15006"}],"wp:term":[{"taxonomy":"category","embeddable":true,"href":"https:\/\/michelcremerfoundation.eu\/index.php\/wp-json\/wp\/v2\/categories?post=15006"},{"taxonomy":"post_tag","embeddable":true,"href":"https:\/\/michelcremerfoundation.eu\/index.php\/wp-json\/wp\/v2\/tags?post=15006"}],"curies":[{"name":"wp","href":"https:\/\/api.w.org\/{rel}","templated":true}]}}